{"id":155226,"date":"2010-11-29T21:52:02","date_gmt":"2010-11-29T21:52:02","guid":{"rendered":"http:\/\/diariodominicano.ddns.net\/?p=155226"},"modified":"2010-11-29T21:52:02","modified_gmt":"2010-11-29T21:52:02","slug":"mercado-binacional-se-realiza-con-reducida-asistencia-de-haitianos-en-dajabon","status":"publish","type":"post","link":"https:\/\/diariodominicano.com\/?p=155226","title":{"rendered":"&#13;Mercado binacional se realiza con reducida  asistencia de haitianos en Dajab\u00f3n"},"content":{"rendered":"<p><body><\/p>\n<\/p>\n<p><span class=\"text1noticias\">Dajab\u00f3n.- Tras la celebraci\u00f3n de las elecciones presidenciales y congresionales de Hait\u00ed el mercado binacional que se realiz\u00f3 este lunes  con normalidad aunque la asistencia de comerciantes haitianos se redujo debido a algunos disturbios que se registraron en Cabo Haitiano.<\/span><\/p>\n<\/p>\n<p><span class=\"text1noticias\">El pasado domingo el paso fronterizo con  Hait\u00ed fue cerrada por los comicios que se realizaron en la vecina naci\u00f3n. <\/span><\/p>\n<\/p>\n<p><span class=\"text1noticias\">El mayor general Carlos Rivera Portes, jefe del Ej\u00e9rcito realiz\u00f3 un recorrido por los cuarteles y pas\u00f3 revista a las tropas apostadas en la frontera y otros contingentes militares se sumaron a la tarea de vigilancia fronteriza.<\/span><\/p>\n<\/p>\n<p><span class=\"text1noticias\">Sin embargo, este lunes la ciudad de Juana M\u00e9ndez, cercana a la Rep\u00fablica Dominicana, amaneci\u00f3 tranquila y a las 8:40 de la ma\u00f1ana, hora dominicana, fue abierta la puerta fronteriza y cientos de haitianos cruzaron la frontera para realizar sus transacciones comerciales de compara y venta de mercanc\u00edas.;<\/span><\/p>\n<\/p>\n<p><span class=\"text1noticias\">Las autoridades de la provinciales del Ministerio de Salud, conjuntamente con el Ayuntamiento, el Ejercito, Medio Ambiente y otras instituciones civiles y militares mantuvieron las medidas prevenci\u00f3n establecidas por el cord\u00f3n sanitario.<\/span><\/p>\n<\/p>\n<p><span class=\"text1noticias\">Este lunes, Comisi\u00f3n Electoral Provincial de Hait\u00ed calific\u00f3 como validos los sufragios generales y legislativos. <\/span><\/p>\n<\/p>\n<p><span class=\"text1noticias\">El presidente del CEP, Gaillot Dorsainvil, di\u00f3 por cerrada la jornada de este domingo y anunci\u00f3 que los resultados se dar\u00e1n a conocer el 10 de diciembre.<\/span><\/p>\n<\/p>\n<p><span class=\"text1noticias\">En tanto. que el haitiano Danis Yan de 43 a\u00f1os, recluido en el hospital Ram\u00f3n Matias Mellas, como sospecho de tener la enfermedad del colera esta recuperado y  el director del centro de Salud, doctor Francisco Pancracio Moya dijo que solo esperan para darle de alta los resultados de los an\u00e1lisis para determinar si el paciente es portador de la bacteria vibrio cholerae.<\/span><\/p>\n<\/p>\n<h6> 2010-11-29 21:52:02 <\/h6>\n<p><!--\n<link rel=\"stylesheet\" href=\"css\/bootstrap.min.css\">\n\n\n<ul class=\"pagination\">\n\t    \n\t\n\n<li >\n\t<a href='?page_no=30393'>Previous<\/a>\n\t<\/li>\n\n\n       \n    \n\n<li><a href='?page_no=1'>1<\/a><\/li>\n\n\n\n<li><a href='?page_no=2'>2<\/a><\/li>\n\n\n\n<li><a>...<\/a><\/li>\n\n\n\n<li><a href='?page_no=30392'>30392<\/a><\/li>\n\n\n\n<li><a href='?page_no=30393'>30393<\/a><\/li>\n\n\n\n<li class='active'><a>30394<\/a><\/li>\n\n\n\n<li><a href='?page_no=30395'>30395<\/a><\/li>\n\n\n\n<li><a href='?page_no=30396'>30396<\/a><\/li>\n\n\n\n<li><a>...<\/a><\/li>\n\n\n\n<li><a href='?page_no=31963'>31963<\/a><\/li>\n\n\n\n<li><a href='?page_no=31964'>31964<\/a><\/li>\n\n    \n\t\n\n<li >\n\t<a href='?page_no=30395'>Next<\/a>\n\t<\/li>\n\n\n    \n\n<li><a href='?page_no=31964'>Last &rsaquo;&rsaquo;<\/a><\/li>\n\n<\/ul>\n\n\n--><br \/>\n<\/body><\/p>\n","protected":false},"excerpt":{"rendered":"<p>Dajab\u00f3n.- Tras la celebraci\u00f3n de las elecciones presidenciales y congresionales de Hait\u00ed el mercado binacional que se realiz\u00f3 este lunes con normalidad aunque la asistencia de comerciantes haitianos se redujo debido a algunos disturbios que se registraron en Cabo Haitiano. El pasado domingo el paso fronterizo con Hait\u00ed fue cerrada por los comicios que se [&hellip;]<\/p>\n","protected":false},"author":3,"featured_media":0,"comment_status":"open","ping_status":"open","sticky":false,"template":"","format":"standard","meta":{"footnotes":""},"categories":[24],"tags":[],"class_list":["post-155226","post","type-post","status-publish","format-standard","hentry","category-justicia-y-derecho"],"_links":{"self":[{"href":"https:\/\/diariodominicano.com\/index.php?rest_route=\/wp\/v2\/posts\/155226","targetHints":{"allow":["GET"]}}],"collection":[{"href":"https:\/\/diariodominicano.com\/index.php?rest_route=\/wp\/v2\/posts"}],"about":[{"href":"https:\/\/diariodominicano.com\/index.php?rest_route=\/wp\/v2\/types\/post"}],"author":[{"embeddable":true,"href":"https:\/\/diariodominicano.com\/index.php?rest_route=\/wp\/v2\/users\/3"}],"replies":[{"embeddable":true,"href":"https:\/\/diariodominicano.com\/index.php?rest_route=%2Fwp%2Fv2%2Fcomments&post=155226"}],"version-history":[{"count":0,"href":"https:\/\/diariodominicano.com\/index.php?rest_route=\/wp\/v2\/posts\/155226\/revisions"}],"wp:attachment":[{"href":"https:\/\/diariodominicano.com\/index.php?rest_route=%2Fwp%2Fv2%2Fmedia&parent=155226"}],"wp:term":[{"taxonomy":"category","embeddable":true,"href":"https:\/\/diariodominicano.com\/index.php?rest_route=%2Fwp%2Fv2%2Fcategories&post=155226"},{"taxonomy":"post_tag","embeddable":true,"href":"https:\/\/diariodominicano.com\/index.php?rest_route=%2Fwp%2Fv2%2Ftags&post=155226"}],"curies":[{"name":"wp","href":"https:\/\/api.w.org\/{rel}","templated":true}]}}