{"id":155225,"date":"2010-11-29T21:59:29","date_gmt":"2010-11-29T21:59:29","guid":{"rendered":"http:\/\/diariodominicano.ddns.net\/?p=155225"},"modified":"2010-11-29T21:59:29","modified_gmt":"2010-11-29T21:59:29","slug":"iad-dispone-rehabilitar-8-mil-tareas-en-el-limon-y-tierra-nueva","status":"publish","type":"post","link":"https:\/\/diariodominicano.com\/?p=155225","title":{"rendered":"IAD dispone rehabilitar 8 mil tareas en El Lim\u00f3n y Tierra Nueva"},"content":{"rendered":"<p><body><\/p>\n<\/p>\n<p><span class=\"text1noticias\">El Lim\u00f3n, Jiman\u00ed.- El Instituto Agrario Dominicano (IAD) dispuso la rehabilitaci\u00f3n de los proyectos agrarios El Lim\u00f3n y Tierra Nueva y poner a producir ocho mil tareas de diversos cultivos en ambos asentamientos.<\/span><\/p>\n<p><span class=\"text1noticias\"> <\/span><\/p>\n<p><span class=\"text1noticias\">El director del organismo, Juan Rodr\u00edguez Ram\u00edrez, durante una visita de supervisi\u00f3n a ambos proyectos, junto al gobernador provincial, Malcolm Manuel Santana y el director en el pa\u00eds de Visi\u00f3n Mundial, Claudio Do\u00f1\u00e9 Castillo ofreci\u00f3 la informaci\u00f3n. <\/span><\/p>\n<p><span class=\"text1noticias\"> <\/span><\/p>\n<p><span class=\"text1noticias\">Precis\u00f3 que los trabajos se realizar\u00e1n conjuntamente con Visi\u00f3n Mundial, instituci\u00f3n que en una alianza con el IAD ayudar\u00e1 a los parceleros de estos proyectos al fomento de las actividades productivas, facilitando acceso al mercado y asistencia t\u00e9cnica y financiera. <\/span><\/p>\n<p><span class=\"text1noticias\"> <\/span><\/p>\n<p><span class=\"text1noticias\">Afirm\u00f3 que Visi\u00f3n Mundial contribuir\u00e1 a mejorar las condiciones de vida de los parceleros, mediante la explotaci\u00f3n agr\u00edcola con criterio empresarial y el uso de tecnolog\u00eda moderna de producci\u00f3n y comercializaci\u00f3n. <\/span><\/p>\n<p><span class=\"text1noticias\"> <\/span><\/p>\n<p><span class=\"text1noticias\">Rodr\u00edguez Ram\u00edrez inform\u00f3 que en ambos proyectos ser\u00e1n rehabilitadas las electrobombas y canales de riego, para irrigar los terrenos.<\/span><\/p>\n<p><span class=\"text1noticias\"> <\/span><\/p>\n<p><span class=\"text1noticias\">Tambi\u00e9n, se les preparar\u00e1n los terrenos con una flotilla de tractores que ser\u00e1n enviados pr\u00f3ximamente a esos asentamientos. <\/span><\/p>\n<p><span class=\"text1noticias\"> <\/span><\/p>\n<p><span class=\"text1noticias\">Durante un recorrido que hizo por esta zona, el director del IAD tambi\u00e9n supervis\u00f3 los trabajos de preparaci\u00f3n de los terrenos.<\/span><\/p>\n<h6> 2010-11-29 21:59:29 <\/h6>\n<p><!--\n<link rel=\"stylesheet\" href=\"css\/bootstrap.min.css\">\n\n\n<ul class=\"pagination\">\n\t    \n\t\n\n<li >\n\t<a href='?page_no=30392'>Previous<\/a>\n\t<\/li>\n\n\n       \n    \n\n<li><a href='?page_no=1'>1<\/a><\/li>\n\n\n\n<li><a href='?page_no=2'>2<\/a><\/li>\n\n\n\n<li><a>...<\/a><\/li>\n\n\n\n<li><a href='?page_no=30391'>30391<\/a><\/li>\n\n\n\n<li><a href='?page_no=30392'>30392<\/a><\/li>\n\n\n\n<li class='active'><a>30393<\/a><\/li>\n\n\n\n<li><a href='?page_no=30394'>30394<\/a><\/li>\n\n\n\n<li><a href='?page_no=30395'>30395<\/a><\/li>\n\n\n\n<li><a>...<\/a><\/li>\n\n\n\n<li><a href='?page_no=31963'>31963<\/a><\/li>\n\n\n\n<li><a href='?page_no=31964'>31964<\/a><\/li>\n\n    \n\t\n\n<li >\n\t<a href='?page_no=30394'>Next<\/a>\n\t<\/li>\n\n\n    \n\n<li><a href='?page_no=31964'>Last &rsaquo;&rsaquo;<\/a><\/li>\n\n<\/ul>\n\n\n--><br \/>\n<\/body><\/p>\n","protected":false},"excerpt":{"rendered":"<p>El Lim\u00f3n, Jiman\u00ed.- El Instituto Agrario Dominicano (IAD) dispuso la rehabilitaci\u00f3n de los proyectos agrarios El Lim\u00f3n y Tierra Nueva y poner a producir ocho mil tareas de diversos cultivos en ambos asentamientos. El director del organismo, Juan Rodr\u00edguez Ram\u00edrez, durante una visita de supervisi\u00f3n a ambos proyectos, junto al gobernador provincial, Malcolm Manuel Santana [&hellip;]<\/p>\n","protected":false},"author":3,"featured_media":0,"comment_status":"open","ping_status":"open","sticky":false,"template":"","format":"standard","meta":{"footnotes":""},"categories":[24],"tags":[],"class_list":["post-155225","post","type-post","status-publish","format-standard","hentry","category-justicia-y-derecho"],"_links":{"self":[{"href":"https:\/\/diariodominicano.com\/index.php?rest_route=\/wp\/v2\/posts\/155225","targetHints":{"allow":["GET"]}}],"collection":[{"href":"https:\/\/diariodominicano.com\/index.php?rest_route=\/wp\/v2\/posts"}],"about":[{"href":"https:\/\/diariodominicano.com\/index.php?rest_route=\/wp\/v2\/types\/post"}],"author":[{"embeddable":true,"href":"https:\/\/diariodominicano.com\/index.php?rest_route=\/wp\/v2\/users\/3"}],"replies":[{"embeddable":true,"href":"https:\/\/diariodominicano.com\/index.php?rest_route=%2Fwp%2Fv2%2Fcomments&post=155225"}],"version-history":[{"count":0,"href":"https:\/\/diariodominicano.com\/index.php?rest_route=\/wp\/v2\/posts\/155225\/revisions"}],"wp:attachment":[{"href":"https:\/\/diariodominicano.com\/index.php?rest_route=%2Fwp%2Fv2%2Fmedia&parent=155225"}],"wp:term":[{"taxonomy":"category","embeddable":true,"href":"https:\/\/diariodominicano.com\/index.php?rest_route=%2Fwp%2Fv2%2Fcategories&post=155225"},{"taxonomy":"post_tag","embeddable":true,"href":"https:\/\/diariodominicano.com\/index.php?rest_route=%2Fwp%2Fv2%2Ftags&post=155225"}],"curies":[{"name":"wp","href":"https:\/\/api.w.org\/{rel}","templated":true}]}}