{"id":155224,"date":"2010-11-29T22:21:51","date_gmt":"2010-11-29T22:21:51","guid":{"rendered":"http:\/\/diariodominicano.ddns.net\/?p=155224"},"modified":"2010-11-29T22:21:51","modified_gmt":"2010-11-29T22:21:51","slug":"cardenal-lopez-rodriguez-rechaza-criticas-al-nuevo-texto-integrado-educacion","status":"publish","type":"post","link":"https:\/\/diariodominicano.com\/?p=155224","title":{"rendered":"&#13;Cardenal L\u00f3pez Rodr\u00edguez  rechaza cr\u00edticas  al nuevo texto integrado educaci\u00f3n"},"content":{"rendered":"<p><body><\/p>\n<p><img decoding=\"async\" src=\"http:\/\/localhost:8080\/justiciayderecho\/img3\/cardenal-nicolas-de-jesus-lopez-rodriguez.jpg\" \/>  <\/p>\n<\/p>\n<p><span class=\"text1noticias\">SANTO DOMINGO, RD.-El Cardenal  Nicol\u00e1s de Jes\u00fas Cardenal L\u00f3pez Rodr\u00edguez critic\u00f3 el rechazo de sectores de la sociedad al nuevo texto integrado de la materia \u00abLengua Espa\u00f1ola\u00bb.<\/span><\/p>\n<\/p>\n<p><span class=\"text1noticias\">Apunt\u00f3 que   lo primero que se debe hacer es analizar el texto integrado  a trav\u00e9s de una comisi\u00f3n de expertos que determine si es beneficioso o no  para los estudiantes de primero al cuarto de b\u00e1sica.<\/span><\/p>\n<\/p>\n<p><span class=\"text1noticias\"> Agreg\u00f3 que es visto que hay una reacci\u00f3n desfavorable al nuevo texto, pero indiscutiblemente en un pa\u00eds de habla espa\u00f1ola nadie puede discutir que la ense\u00f1anza de la lengua espa\u00f1ola como la matem\u00e1tica son indicativos de la calidad de la educaci\u00f3n, pero vamos a ver si se convoca a un grupo de personas expertos en la materia para que digan si lo que se ha denunciado es o no es, es decir si tiene fundamento.<\/span><\/p>\n<\/p>\n<p><span class=\"text1noticias\">Dijo que si los expertos determinan que es desfavorable, lo que se tiene que hacer es rectificar lo que est\u00e1 incorrecto.<\/span><\/p>\n<\/p>\n<p><span class=\"text1noticias\">En otro orden, respecto al espionaje que se ha desatado este lunes con el caso de la  p\u00e1gina de internet Wikileaks, que filtr\u00f3 m\u00e1s de 250.000 documentos del Departamento de Estado de los Estados Unidos  a cuatro medios de comunicaci\u00f3n europeos y al The New York Times, con lo que ha puesto al descubierto las opiniones de diplom\u00e1ticos de ese ministerio estadounidense sobre sus relaciones con el resto del mundo, el cat\u00f3lico dijo que es una costumbre en el mundo pol\u00edtico internacional de hoy  que todos los pa\u00edses se esp\u00edan uno a otros, y que eso no le extra\u00f1a.<\/span><\/p>\n<\/p>\n<p><span class=\"text1noticias\">Manifest\u00f3 que a Estado Unidos le debe molestar que le hayan sacado eso al aire, porque significa una ligereza en los mismos controles que tienen ellos de documentos que son secretos.<\/span><\/p>\n<\/p>\n<p><span class=\"text1noticias\">Expres\u00f3 ?hay que reconocer que esa era una realidad que se ve\u00eda venir, y lo que hace falta ahora es enfrentar la realidad, y Salud P\u00fablica est\u00e1 trabajando bien y ha estado informando sobre todos los casos que se han verificado?.<\/span><\/p>\n<\/p>\n<p><span class=\"text1noticias\">Destac\u00f3 que lo importante es prevenir y luchar para que no se desborde en casos de c\u00f3lera en el pa\u00eds.<\/span><\/p>\n<p><span class=\"text1noticias\">Dijo que aunque se aplican medidas en la frontera para controlar el problema del c\u00f3lera, hay muchos haitianos que evaden el impedimento de entrar al pa\u00eds, y se van por la zona monta\u00f1osa para entrar a la Rep\u00fablica Dominicana.<\/span><\/p>\n<\/p>\n<h6> 2010-11-29 22:21:51 <\/h6>\n<p><!--\n<link rel=\"stylesheet\" href=\"css\/bootstrap.min.css\">\n\n\n<ul class=\"pagination\">\n\t    \n\t\n\n<li >\n\t<a href='?page_no=30391'>Previous<\/a>\n\t<\/li>\n\n\n       \n    \n\n<li><a href='?page_no=1'>1<\/a><\/li>\n\n\n\n<li><a href='?page_no=2'>2<\/a><\/li>\n\n\n\n<li><a>...<\/a><\/li>\n\n\n\n<li><a href='?page_no=30390'>30390<\/a><\/li>\n\n\n\n<li><a href='?page_no=30391'>30391<\/a><\/li>\n\n\n\n<li class='active'><a>30392<\/a><\/li>\n\n\n\n<li><a href='?page_no=30393'>30393<\/a><\/li>\n\n\n\n<li><a href='?page_no=30394'>30394<\/a><\/li>\n\n\n\n<li><a>...<\/a><\/li>\n\n\n\n<li><a href='?page_no=31963'>31963<\/a><\/li>\n\n\n\n<li><a href='?page_no=31964'>31964<\/a><\/li>\n\n    \n\t\n\n<li >\n\t<a href='?page_no=30393'>Next<\/a>\n\t<\/li>\n\n\n    \n\n<li><a href='?page_no=31964'>Last &rsaquo;&rsaquo;<\/a><\/li>\n\n<\/ul>\n\n\n--><br \/>\n<\/body><\/p>\n","protected":false},"excerpt":{"rendered":"<p>SANTO DOMINGO, RD.-El Cardenal Nicol\u00e1s de Jes\u00fas Cardenal L\u00f3pez Rodr\u00edguez critic\u00f3 el rechazo de sectores de la sociedad al nuevo texto integrado de la materia \u00abLengua Espa\u00f1ola\u00bb. Apunt\u00f3 que lo primero que se debe hacer es analizar el texto integrado a trav\u00e9s de una comisi\u00f3n de expertos que determine si es beneficioso o no para [&hellip;]<\/p>\n","protected":false},"author":3,"featured_media":0,"comment_status":"open","ping_status":"open","sticky":false,"template":"","format":"standard","meta":{"footnotes":""},"categories":[24],"tags":[],"class_list":["post-155224","post","type-post","status-publish","format-standard","hentry","category-justicia-y-derecho"],"_links":{"self":[{"href":"https:\/\/diariodominicano.com\/index.php?rest_route=\/wp\/v2\/posts\/155224","targetHints":{"allow":["GET"]}}],"collection":[{"href":"https:\/\/diariodominicano.com\/index.php?rest_route=\/wp\/v2\/posts"}],"about":[{"href":"https:\/\/diariodominicano.com\/index.php?rest_route=\/wp\/v2\/types\/post"}],"author":[{"embeddable":true,"href":"https:\/\/diariodominicano.com\/index.php?rest_route=\/wp\/v2\/users\/3"}],"replies":[{"embeddable":true,"href":"https:\/\/diariodominicano.com\/index.php?rest_route=%2Fwp%2Fv2%2Fcomments&post=155224"}],"version-history":[{"count":0,"href":"https:\/\/diariodominicano.com\/index.php?rest_route=\/wp\/v2\/posts\/155224\/revisions"}],"wp:attachment":[{"href":"https:\/\/diariodominicano.com\/index.php?rest_route=%2Fwp%2Fv2%2Fmedia&parent=155224"}],"wp:term":[{"taxonomy":"category","embeddable":true,"href":"https:\/\/diariodominicano.com\/index.php?rest_route=%2Fwp%2Fv2%2Fcategories&post=155224"},{"taxonomy":"post_tag","embeddable":true,"href":"https:\/\/diariodominicano.com\/index.php?rest_route=%2Fwp%2Fv2%2Ftags&post=155224"}],"curies":[{"name":"wp","href":"https:\/\/api.w.org\/{rel}","templated":true}]}}