{"id":155221,"date":"2010-11-30T14:03:09","date_gmt":"2010-11-30T14:03:09","guid":{"rendered":"http:\/\/diariodominicano.ddns.net\/?p=155221"},"modified":"2010-11-30T14:03:09","modified_gmt":"2010-11-30T14:03:09","slug":"onamet-pronostica-pocas-lluvias-para-este-martes-concluye-temporada-ciclonica","status":"publish","type":"post","link":"https:\/\/diariodominicano.com\/?p=155221","title":{"rendered":"Onamet pronostica pocas lluvias para este martes; concluye temporada cicl\u00f3nica"},"content":{"rendered":"<p><body><\/p>\n<p><span class=\"text1noticias\">Santo Domingo, 30 Nov 2010.-La Oficina Nacional de Meteorolog\u00eda (Onamet) inform\u00f3 que para este martes el clima sobre el pa\u00eds estar\u00e1 dominado por el flujo de vientos del Este-Noreste y con pocas lluvias. <\/span><\/p>\n<\/p>\n<p><span class=\"text1noticias\">Asimismo la temporada cicl\u00f3nica del oc\u00e9ano Atl\u00e1ntico concluye este martes con la formaci\u00f3n de 21 fen\u00f3menos, de los cuales 19 se convirtieron en tormenta tropical.<\/span><\/p>\n<\/p>\n<p><span class=\"text1noticias\">El per\u00edodo fue vaticinado por los expertos como muy activo.<\/span><\/p>\n<\/p>\n<p><span class=\"text1noticias\">De los 19 meteoros,  12 alcanzaron la categor\u00eda de hurac\u00e1n y solo cinco llegaron a ser intensos, superando las categor\u00edas 3 y 4 en la escala Saffir-Simpson.  Ningunos de ellos alcanz\u00f3 categor\u00eda cinco. Tampoco Republica Dominicana recibi\u00f3 impacto directo de esos fen\u00f3menos.<\/span><\/p>\n<\/p>\n<p><span class=\"text1noticias\">En la primera d\u00e9cada del siglo 21, la actividad Cicl\u00f3nica se ha mantenido por encima de los valores normales, con excepci\u00f3n del a\u00f1o 2006, que solo se formaron nueve fen\u00f3menos.<\/span><\/p>\n<\/p>\n<p><span class=\"text1noticias\">Una temporada es considerada normal cuando se forman diez fen\u00f3menos y de estos, cinco alcanzan la categor\u00eda de hurac\u00e1n y solo tres o menos llegan hacer intensos.<\/span><\/p>\n<p><span class=\"text1noticias\"><em><strong>El tiempo<\/strong><\/em><\/span><\/p>\n<\/p>\n<p><span class=\"text1noticias\">En cuanto a las condiciones locales indica que las precipitaciones que se producir\u00edan ser\u00e1n dispersas, y se presentar\u00e1n sobre Los Haitises y las cordilleras Oriental y Septentrional.<\/span><\/p>\n<\/p>\n<h6> 2010-11-30 14:03:09 <\/h6>\n<p><!--\n<link rel=\"stylesheet\" href=\"css\/bootstrap.min.css\">\n\n\n<ul class=\"pagination\">\n\t    \n\t\n\n<li >\n\t<a href='?page_no=30388'>Previous<\/a>\n\t<\/li>\n\n\n       \n    \n\n<li><a href='?page_no=1'>1<\/a><\/li>\n\n\n\n<li><a href='?page_no=2'>2<\/a><\/li>\n\n\n\n<li><a>...<\/a><\/li>\n\n\n\n<li><a href='?page_no=30387'>30387<\/a><\/li>\n\n\n\n<li><a href='?page_no=30388'>30388<\/a><\/li>\n\n\n\n<li class='active'><a>30389<\/a><\/li>\n\n\n\n<li><a href='?page_no=30390'>30390<\/a><\/li>\n\n\n\n<li><a href='?page_no=30391'>30391<\/a><\/li>\n\n\n\n<li><a>...<\/a><\/li>\n\n\n\n<li><a href='?page_no=31963'>31963<\/a><\/li>\n\n\n\n<li><a href='?page_no=31964'>31964<\/a><\/li>\n\n    \n\t\n\n<li >\n\t<a href='?page_no=30390'>Next<\/a>\n\t<\/li>\n\n\n    \n\n<li><a href='?page_no=31964'>Last &rsaquo;&rsaquo;<\/a><\/li>\n\n<\/ul>\n\n\n--><br \/>\n<\/body><\/p>\n","protected":false},"excerpt":{"rendered":"<p>Santo Domingo, 30 Nov 2010.-La Oficina Nacional de Meteorolog\u00eda (Onamet) inform\u00f3 que para este martes el clima sobre el pa\u00eds estar\u00e1 dominado por el flujo de vientos del Este-Noreste y con pocas lluvias. Asimismo la temporada cicl\u00f3nica del oc\u00e9ano Atl\u00e1ntico concluye este martes con la formaci\u00f3n de 21 fen\u00f3menos, de los cuales 19 se convirtieron [&hellip;]<\/p>\n","protected":false},"author":3,"featured_media":0,"comment_status":"open","ping_status":"open","sticky":false,"template":"","format":"standard","meta":{"footnotes":""},"categories":[24],"tags":[],"class_list":["post-155221","post","type-post","status-publish","format-standard","hentry","category-justicia-y-derecho"],"_links":{"self":[{"href":"https:\/\/diariodominicano.com\/index.php?rest_route=\/wp\/v2\/posts\/155221","targetHints":{"allow":["GET"]}}],"collection":[{"href":"https:\/\/diariodominicano.com\/index.php?rest_route=\/wp\/v2\/posts"}],"about":[{"href":"https:\/\/diariodominicano.com\/index.php?rest_route=\/wp\/v2\/types\/post"}],"author":[{"embeddable":true,"href":"https:\/\/diariodominicano.com\/index.php?rest_route=\/wp\/v2\/users\/3"}],"replies":[{"embeddable":true,"href":"https:\/\/diariodominicano.com\/index.php?rest_route=%2Fwp%2Fv2%2Fcomments&post=155221"}],"version-history":[{"count":0,"href":"https:\/\/diariodominicano.com\/index.php?rest_route=\/wp\/v2\/posts\/155221\/revisions"}],"wp:attachment":[{"href":"https:\/\/diariodominicano.com\/index.php?rest_route=%2Fwp%2Fv2%2Fmedia&parent=155221"}],"wp:term":[{"taxonomy":"category","embeddable":true,"href":"https:\/\/diariodominicano.com\/index.php?rest_route=%2Fwp%2Fv2%2Fcategories&post=155221"},{"taxonomy":"post_tag","embeddable":true,"href":"https:\/\/diariodominicano.com\/index.php?rest_route=%2Fwp%2Fv2%2Ftags&post=155221"}],"curies":[{"name":"wp","href":"https:\/\/api.w.org\/{rel}","templated":true}]}}