{"id":155219,"date":"2010-11-30T18:44:34","date_gmt":"2010-11-30T18:44:34","guid":{"rendered":"http:\/\/diariodominicano.ddns.net\/?p=155219"},"modified":"2010-11-30T18:44:34","modified_gmt":"2010-11-30T18:44:34","slug":"oficina-nacional-de-estadistica-asegura-todo-esta-listo-para-iniciar-manana-el-ix-censo","status":"publish","type":"post","link":"https:\/\/diariodominicano.com\/?p=155219","title":{"rendered":"Oficina Nacional de Estad\u00edstica asegura todo est\u00e1 listo para iniciar ma\u00f1ana el IX Censo"},"content":{"rendered":"<p><body><\/p>\n<p><img decoding=\"async\" src=\"http:\/\/localhost:8080\/justiciayderecho\/img3\/oficina-nacional-de-estadisticas.jpg\" \/>  <\/p>\n<p><span class=\"text1noticias\">Santo Domingo, 30 nov 2010.- Tras concluir los trabajos de planificaci\u00f3n y montaje del IX Censo Nacional de Poblaci\u00f3n y Vivienda  2010, la Oficina Nacional de Estad\u00edstica inform\u00f3 que todo est\u00e1 listo para iniciar ma\u00f1ana mi\u00e9rcoles esa jornada.<\/span><\/p>\n<\/p>\n<p><span class=\"text1noticias\">El IX Censo servir\u00e1 para el levantamiento de datos y determinar cu\u00e1ntas personas y el n\u00famero viviendas que tiene el pa\u00eds.<\/span><\/p>\n<\/p>\n<p><span class=\"text1noticias\">Frank C\u00e1ceres, gerente  de Censo y Encuestas y encargado de Censo de la ONE, detall\u00f3  parte de la din\u00e1mica y los pasos que dan para arrancar  ma\u00f1ana  con esa gran actividad.<\/span><\/p>\n<\/p>\n<p><span class=\"text1noticias\">?Estamos terminando con el montaje, que finaliza con la distribuci\u00f3n de los materiales en las diferentes jurisdicciones censales y ah\u00ed mismo seguimos con el levantamiento, que implica hacer los recorridos, reconocimiento de territorios y  el empadronamiento, que tomar\u00e1 de dos d\u00edas en adelante, dependiendo la distancia?, precis\u00f3 C\u00e1ceres.<\/span><\/p>\n<\/p>\n<p><span class=\"text1noticias\">Pidi\u00f3 a la poblaci\u00f3n colaboraci\u00f3n y  calma, ya que hay un cambio de paradigma, antes el censo  tomaba un d\u00eda y ahora siete d\u00edas.<\/span><\/p>\n<\/p>\n<p><span class=\"text1noticias\">Precis\u00f3 que en el IX Censo participan alrededor de 40 mil empadronadores, 12 mil supervisores, 3 mil encargados de pol\u00edgonos y 352  municipales y 48 encargados provinciales.<\/span><\/p>\n<\/p>\n<h6> 2010-11-30 18:44:34 <\/h6>\n<p><!--\n<link rel=\"stylesheet\" href=\"css\/bootstrap.min.css\">\n\n\n<ul class=\"pagination\">\n\t    \n\t\n\n<li >\n\t<a href='?page_no=30386'>Previous<\/a>\n\t<\/li>\n\n\n       \n    \n\n<li><a href='?page_no=1'>1<\/a><\/li>\n\n\n\n<li><a href='?page_no=2'>2<\/a><\/li>\n\n\n\n<li><a>...<\/a><\/li>\n\n\n\n<li><a href='?page_no=30385'>30385<\/a><\/li>\n\n\n\n<li><a href='?page_no=30386'>30386<\/a><\/li>\n\n\n\n<li class='active'><a>30387<\/a><\/li>\n\n\n\n<li><a href='?page_no=30388'>30388<\/a><\/li>\n\n\n\n<li><a href='?page_no=30389'>30389<\/a><\/li>\n\n\n\n<li><a>...<\/a><\/li>\n\n\n\n<li><a href='?page_no=31963'>31963<\/a><\/li>\n\n\n\n<li><a href='?page_no=31964'>31964<\/a><\/li>\n\n    \n\t\n\n<li >\n\t<a href='?page_no=30388'>Next<\/a>\n\t<\/li>\n\n\n    \n\n<li><a href='?page_no=31964'>Last &rsaquo;&rsaquo;<\/a><\/li>\n\n<\/ul>\n\n\n--><br \/>\n<\/body><\/p>\n","protected":false},"excerpt":{"rendered":"<p>Santo Domingo, 30 nov 2010.- Tras concluir los trabajos de planificaci\u00f3n y montaje del IX Censo Nacional de Poblaci\u00f3n y Vivienda 2010, la Oficina Nacional de Estad\u00edstica inform\u00f3 que todo est\u00e1 listo para iniciar ma\u00f1ana mi\u00e9rcoles esa jornada. El IX Censo servir\u00e1 para el levantamiento de datos y determinar cu\u00e1ntas personas y el n\u00famero viviendas [&hellip;]<\/p>\n","protected":false},"author":3,"featured_media":0,"comment_status":"open","ping_status":"open","sticky":false,"template":"","format":"standard","meta":{"footnotes":""},"categories":[24],"tags":[],"class_list":["post-155219","post","type-post","status-publish","format-standard","hentry","category-justicia-y-derecho"],"_links":{"self":[{"href":"https:\/\/diariodominicano.com\/index.php?rest_route=\/wp\/v2\/posts\/155219","targetHints":{"allow":["GET"]}}],"collection":[{"href":"https:\/\/diariodominicano.com\/index.php?rest_route=\/wp\/v2\/posts"}],"about":[{"href":"https:\/\/diariodominicano.com\/index.php?rest_route=\/wp\/v2\/types\/post"}],"author":[{"embeddable":true,"href":"https:\/\/diariodominicano.com\/index.php?rest_route=\/wp\/v2\/users\/3"}],"replies":[{"embeddable":true,"href":"https:\/\/diariodominicano.com\/index.php?rest_route=%2Fwp%2Fv2%2Fcomments&post=155219"}],"version-history":[{"count":0,"href":"https:\/\/diariodominicano.com\/index.php?rest_route=\/wp\/v2\/posts\/155219\/revisions"}],"wp:attachment":[{"href":"https:\/\/diariodominicano.com\/index.php?rest_route=%2Fwp%2Fv2%2Fmedia&parent=155219"}],"wp:term":[{"taxonomy":"category","embeddable":true,"href":"https:\/\/diariodominicano.com\/index.php?rest_route=%2Fwp%2Fv2%2Fcategories&post=155219"},{"taxonomy":"post_tag","embeddable":true,"href":"https:\/\/diariodominicano.com\/index.php?rest_route=%2Fwp%2Fv2%2Ftags&post=155219"}],"curies":[{"name":"wp","href":"https:\/\/api.w.org\/{rel}","templated":true}]}}