{"id":155218,"date":"2010-11-30T20:26:50","date_gmt":"2010-11-30T20:26:50","guid":{"rendered":"http:\/\/diariodominicano.ddns.net\/?p=155218"},"modified":"2010-11-30T20:26:50","modified_gmt":"2010-11-30T20:26:50","slug":"superintendencia-de-electricidad-informa-tarifa-electrica-aumentara-11-en-diciembre","status":"publish","type":"post","link":"https:\/\/diariodominicano.com\/?p=155218","title":{"rendered":"Superintendencia de Electricidad informa  tarifa el\u00e9ctrica aumentar\u00e1 11% en diciembre"},"content":{"rendered":"<p><body><\/p>\n<p><img decoding=\"async\" src=\"img3\/electricidad.jpg\" \/>  <\/p>\n<\/p>\n<p><span class=\"text1noticias\">Santo Domingo, 30 Nov.- La Superintendencia de Electricidad inform\u00f3 este martes que la tarifa el\u00e9ctrica registrar\u00e1 un aumento de un 11 por ciento en el mes de diciembre.<\/span><\/p>\n<\/p>\n<p><span class=\"text1noticias\">Un documento de la entidad se\u00f1ala que la medida se toma mediante resoluci\u00f3n n\u00famero 265-10, la cual establece el comportamiento de las variables que determinan la tarifa el\u00e9ctrica y que  en el caso de los combustibles, espec\u00edficamente el Oil n\u00famero 6 que aument\u00f3 6.5% por ciento<\/span><\/p>\n<p><span class=\"text1noticias\">Asimismo, el gas natural disminuy\u00f3 de U$4.314 a US$3.887, y el carb\u00f3n mineral se mantuvo en US$71.65. En tanto que la tasa de cambio promedio mensual aument\u00f3 de RD$37.29 a RD$37.30 pesos por d\u00f3lar.<\/span><\/p>\n<\/p>\n<p><span class=\"text1noticias\">Se\u00f1ala que como resultado de las variaciones citadas, la tarifa el\u00e9ctrica indexada para el mes de diciembre experiment\u00f3 un aumento de 2.73% por ciento en relaci\u00f3n a la del mes de noviembre y a fin de disminuir la brecha entre la tarifa indexada y la aplicada, que en el mes de noviembre fue de 25.10%, se vieron en la obligaci\u00f3n de disponer del incremento en la electricidad.<\/span><\/p>\n<\/p>\n<h6> 2010-11-30 20:26:50 <\/h6>\n<p><!--\n<link rel=\"stylesheet\" href=\"css\/bootstrap.min.css\">\n\n\n<ul class=\"pagination\">\n\t    \n\t\n\n<li >\n\t<a href='?page_no=30385'>Previous<\/a>\n\t<\/li>\n\n\n       \n    \n\n<li><a href='?page_no=1'>1<\/a><\/li>\n\n\n\n<li><a href='?page_no=2'>2<\/a><\/li>\n\n\n\n<li><a>...<\/a><\/li>\n\n\n\n<li><a href='?page_no=30384'>30384<\/a><\/li>\n\n\n\n<li><a href='?page_no=30385'>30385<\/a><\/li>\n\n\n\n<li class='active'><a>30386<\/a><\/li>\n\n\n\n<li><a href='?page_no=30387'>30387<\/a><\/li>\n\n\n\n<li><a href='?page_no=30388'>30388<\/a><\/li>\n\n\n\n<li><a>...<\/a><\/li>\n\n\n\n<li><a href='?page_no=31963'>31963<\/a><\/li>\n\n\n\n<li><a href='?page_no=31964'>31964<\/a><\/li>\n\n    \n\t\n\n<li >\n\t<a href='?page_no=30387'>Next<\/a>\n\t<\/li>\n\n\n    \n\n<li><a href='?page_no=31964'>Last &rsaquo;&rsaquo;<\/a><\/li>\n\n<\/ul>\n\n\n--><br \/>\n<\/body><\/p>\n","protected":false},"excerpt":{"rendered":"<p>Santo Domingo, 30 Nov.- La Superintendencia de Electricidad inform\u00f3 este martes que la tarifa el\u00e9ctrica registrar\u00e1 un aumento de un 11 por ciento en el mes de diciembre. Un documento de la entidad se\u00f1ala que la medida se toma mediante resoluci\u00f3n n\u00famero 265-10, la cual establece el comportamiento de las variables que determinan la tarifa [&hellip;]<\/p>\n","protected":false},"author":3,"featured_media":0,"comment_status":"open","ping_status":"open","sticky":false,"template":"","format":"standard","meta":{"footnotes":""},"categories":[24],"tags":[],"class_list":["post-155218","post","type-post","status-publish","format-standard","hentry","category-justicia-y-derecho"],"_links":{"self":[{"href":"https:\/\/diariodominicano.com\/index.php?rest_route=\/wp\/v2\/posts\/155218","targetHints":{"allow":["GET"]}}],"collection":[{"href":"https:\/\/diariodominicano.com\/index.php?rest_route=\/wp\/v2\/posts"}],"about":[{"href":"https:\/\/diariodominicano.com\/index.php?rest_route=\/wp\/v2\/types\/post"}],"author":[{"embeddable":true,"href":"https:\/\/diariodominicano.com\/index.php?rest_route=\/wp\/v2\/users\/3"}],"replies":[{"embeddable":true,"href":"https:\/\/diariodominicano.com\/index.php?rest_route=%2Fwp%2Fv2%2Fcomments&post=155218"}],"version-history":[{"count":0,"href":"https:\/\/diariodominicano.com\/index.php?rest_route=\/wp\/v2\/posts\/155218\/revisions"}],"wp:attachment":[{"href":"https:\/\/diariodominicano.com\/index.php?rest_route=%2Fwp%2Fv2%2Fmedia&parent=155218"}],"wp:term":[{"taxonomy":"category","embeddable":true,"href":"https:\/\/diariodominicano.com\/index.php?rest_route=%2Fwp%2Fv2%2Fcategories&post=155218"},{"taxonomy":"post_tag","embeddable":true,"href":"https:\/\/diariodominicano.com\/index.php?rest_route=%2Fwp%2Fv2%2Ftags&post=155218"}],"curies":[{"name":"wp","href":"https:\/\/api.w.org\/{rel}","templated":true}]}}