{"id":155216,"date":"2010-11-30T21:21:44","date_gmt":"2010-11-30T21:21:44","guid":{"rendered":"http:\/\/diariodominicano.ddns.net\/?p=155216"},"modified":"2010-11-30T21:21:44","modified_gmt":"2010-11-30T21:21:44","slug":"jefe-dncd-rosado-mateo-asegura-con-extradicion-tono-lena-se-desarticula-red-agosto-2","status":"publish","type":"post","link":"https:\/\/diariodominicano.com\/?p=155216","title":{"rendered":"Jefe DNCD Rosado Mateo asegura con extradici\u00f3n To\u00f1o Le\u00f1a se desarticula red Agosto"},"content":{"rendered":"<p><body><\/p>\n<\/p>\n<p><span class=\"text1noticias\">Santo Domingo,30 nov 2010- El presidente de la Direcci\u00f3n Nacional de Control de Drogas ?DNCD- dijo que la posible extradici\u00f3n de Ram\u00f3n Antonio del Rosario Puente (To\u00f1o Le\u00f1a) confirma la desarticulaci\u00f3n de la red que se atribuye al boricua Jos\u00e9 David Figueroa Agosto. <\/span><\/p>\n<\/p>\n<p><span class=\"text1noticias\">El mayor general Rolando Rosado Mateo lament\u00f3 que la poblaci\u00f3n dominicana no se haya percatado de la eficiencia mostrada por las autoridades frente a las operaciones de ese grupo de narcotraficantes.<\/span><\/p>\n<\/p>\n<p><span class=\"text1noticias\"> El presidente de la DNCD, mayor general Rolando Rosado Mateo, dijo que To\u00f1o Le\u00f1a se une a la lista de extradici\u00f3n tramitada por las autoridades judiciales de Estados Unidos y que a\u00fan est\u00e1 pendiente cualquier solicitud de Eddy Brito.<\/span><\/p>\n<\/p>\n<p><span class=\"text1noticias\">En julio pasado,  autoridades de la Embajada de Estados Unidos se reunieron con el Procurador adjunto, Frank Soto, tras revelarse que la justicia norteamericana ha solicitado la extradici\u00f3n del supuesto narcotraficante Ram\u00f3n Antonio del Rosario Puente alias To\u00f1o Le\u00f1a.<\/span><\/p>\n<\/p>\n<p><span class=\"text1noticias\">To\u00f1o Le\u00f1a es se\u00f1alado por la justicia de Puerto Rico de ser el principal responsable del env\u00edo de drogas a esa isla y quien recib\u00eda presuntamente millonarios cargamentos de coca\u00edna y hero\u00edna que bombardeaban los carteles de Colombia por el este de Rep\u00fablica Dominicana y se encargaba de recoger esa droga y distribuirla a Jos\u00e9 David Figueroa Agosto, en Santo Domingo y finalmente se transportaba parte de esos cargamentos por lanchas r\u00e1pidas hasta Puerto Rico.<\/span><\/p>\n<\/p>\n<p><span class=\"text1noticias\">To\u00f1o Le\u00f1a fue arrestado el pasado 6 de mayo en Venezuela, donde pretend\u00eda abordar un vuelo presuntamente hacia Colombia.<\/span><\/p>\n<h6> 2010-11-30 21:21:44 <\/h6>\n<p><!--\n<link rel=\"stylesheet\" href=\"css\/bootstrap.min.css\">\n\n\n<ul class=\"pagination\">\n\t    \n\t\n\n<li >\n\t<a href='?page_no=30383'>Previous<\/a>\n\t<\/li>\n\n\n       \n    \n\n<li><a href='?page_no=1'>1<\/a><\/li>\n\n\n\n<li><a href='?page_no=2'>2<\/a><\/li>\n\n\n\n<li><a>...<\/a><\/li>\n\n\n\n<li><a href='?page_no=30382'>30382<\/a><\/li>\n\n\n\n<li><a href='?page_no=30383'>30383<\/a><\/li>\n\n\n\n<li class='active'><a>30384<\/a><\/li>\n\n\n\n<li><a href='?page_no=30385'>30385<\/a><\/li>\n\n\n\n<li><a href='?page_no=30386'>30386<\/a><\/li>\n\n\n\n<li><a>...<\/a><\/li>\n\n\n\n<li><a href='?page_no=31963'>31963<\/a><\/li>\n\n\n\n<li><a href='?page_no=31964'>31964<\/a><\/li>\n\n    \n\t\n\n<li >\n\t<a href='?page_no=30385'>Next<\/a>\n\t<\/li>\n\n\n    \n\n<li><a href='?page_no=31964'>Last &rsaquo;&rsaquo;<\/a><\/li>\n\n<\/ul>\n\n\n--><br \/>\n<\/body><\/p>\n","protected":false},"excerpt":{"rendered":"<p>Santo Domingo,30 nov 2010- El presidente de la Direcci\u00f3n Nacional de Control de Drogas ?DNCD- dijo que la posible extradici\u00f3n de Ram\u00f3n Antonio del Rosario Puente (To\u00f1o Le\u00f1a) confirma la desarticulaci\u00f3n de la red que se atribuye al boricua Jos\u00e9 David Figueroa Agosto. El mayor general Rolando Rosado Mateo lament\u00f3 que la poblaci\u00f3n dominicana no [&hellip;]<\/p>\n","protected":false},"author":3,"featured_media":0,"comment_status":"open","ping_status":"open","sticky":false,"template":"","format":"standard","meta":{"footnotes":""},"categories":[24],"tags":[],"class_list":["post-155216","post","type-post","status-publish","format-standard","hentry","category-justicia-y-derecho"],"_links":{"self":[{"href":"https:\/\/diariodominicano.com\/index.php?rest_route=\/wp\/v2\/posts\/155216","targetHints":{"allow":["GET"]}}],"collection":[{"href":"https:\/\/diariodominicano.com\/index.php?rest_route=\/wp\/v2\/posts"}],"about":[{"href":"https:\/\/diariodominicano.com\/index.php?rest_route=\/wp\/v2\/types\/post"}],"author":[{"embeddable":true,"href":"https:\/\/diariodominicano.com\/index.php?rest_route=\/wp\/v2\/users\/3"}],"replies":[{"embeddable":true,"href":"https:\/\/diariodominicano.com\/index.php?rest_route=%2Fwp%2Fv2%2Fcomments&post=155216"}],"version-history":[{"count":0,"href":"https:\/\/diariodominicano.com\/index.php?rest_route=\/wp\/v2\/posts\/155216\/revisions"}],"wp:attachment":[{"href":"https:\/\/diariodominicano.com\/index.php?rest_route=%2Fwp%2Fv2%2Fmedia&parent=155216"}],"wp:term":[{"taxonomy":"category","embeddable":true,"href":"https:\/\/diariodominicano.com\/index.php?rest_route=%2Fwp%2Fv2%2Fcategories&post=155216"},{"taxonomy":"post_tag","embeddable":true,"href":"https:\/\/diariodominicano.com\/index.php?rest_route=%2Fwp%2Fv2%2Ftags&post=155216"}],"curies":[{"name":"wp","href":"https:\/\/api.w.org\/{rel}","templated":true}]}}