{"id":155213,"date":"2010-11-30T22:15:51","date_gmt":"2010-11-30T22:15:51","guid":{"rendered":"http:\/\/diariodominicano.ddns.net\/?p=155213"},"modified":"2010-11-30T22:15:51","modified_gmt":"2010-11-30T22:15:51","slug":"juicio-de-fondo-a-sobeida-sera-7-de-febrero-2","status":"publish","type":"post","link":"https:\/\/diariodominicano.com\/?p=155213","title":{"rendered":"&#13;Juicio de fondo a Sobeida, ser\u00e1 7 de febrero"},"content":{"rendered":"<p><body><\/p>\n<\/p>\n<p><span class=\"text1noticias\">Santo Domingo.-Los jueces del Primer Tribunal Colegiado del Distrito Nacional fijaron para el pr\u00f3ximo 7 de febrero, el conocimiento del juicio de fondo seguido en contra de los ocho implicados acusado de formar parte de la red que dirig\u00eda el boricua Jos\u00e9 David Figueroa Agosto.<\/span><\/p>\n<\/p>\n<p><span class=\"text1noticias\">Los magistrados Antonio S\u00e1nchez Mej\u00eda, quien preside, Gissell M\u00e9ndez y July Tamariz, ordenaron a la secretaria del tribunal notificar a la fijaci\u00f3n de la audiencia a los fiscales adjuntos que tienen a su cargo el caso y a los abogados de la defensa de los imputados.<\/span><\/p>\n<\/p>\n<p><span class=\"text1noticias\">El apoderamiento al tribunal fue hecho por la jueza presidente interina de las C\u00e1maras Penales del Distrito Nacional, July Tamariz, mediante el sorteo aleatorio computarizado.<\/span><\/p>\n<\/p>\n<p><span class=\"text1noticias\">La juez del Segundo Juzgado de la Instrucci\u00f3n, Claribel Nivar Arias envi\u00f3 a juicio de fondo a Sobeida F\u00e9lix Morel, Eddy Brito Mart\u00ednez, Sammy Dauhajre, Ricardo Ivanovich Smester, Juan Jos\u00e9 Fern\u00e1ndez Ibarra, Mary Pel\u00e1ez, Dolphy Pel\u00e1ez y Madeline Bernard Pe\u00f1a.<\/span><\/p>\n<\/p>\n<p><span class=\"text1noticias\">El grupo deber\u00e1 responder en el juicio de fondo sobre la acusaci\u00f3n de la violaci\u00f3n de los art\u00edculos 265 y 266 del C\u00f3digo Penal Dominicano y de la Ley 172-02, sobre lavado de activos proveniente del narcotr\u00e1fico en perjuicio del Estado dominicano.<\/span><\/p>\n<\/p>\n<p><span class=\"text1noticias\">Asimismo, la jueza renov\u00f3 la medida de coerci\u00f3n en contra del grupo que se encuentra recluido en la c\u00e1rcel de Najayo, consistente en prisi\u00f3n preventiva, en atenci\u00f3n a lo establecido en el numeral 5 del art\u00edculo 303 de la norma procesal penal. <\/span><\/p>\n<\/p>\n<p><span class=\"text1noticias\">Igualmente el tribunal rechaz\u00f3 la solicitud de imposici\u00f3n de medida de coerci\u00f3n solicitada por el Ministerio P\u00fablico en contra de Dolphy Pel\u00e1ez y Bernard Pe\u00f1a, consistente en una garant\u00eda econ\u00f3mica de 5 millones de pesos, impedimento de salida y presentaci\u00f3n peri\u00f3dica.<\/span><\/p>\n<\/p>\n<p><span class=\"text1noticias\">Suprema conocer\u00e1 recurso oposici\u00f3n<\/span><\/p>\n<p><span class=\"text1noticias\">Mientras que la Suprema Corte de Justicia conocer\u00e1 hoy un recurso de casaci\u00f3n en contra de una sentencia de amparo que favorece a la interna F\u00e9lix Morel, compa\u00f1era sentimental de Figueroa Agosto, quien reclama que se le permita estar con las dem\u00e1s reclusas en la c\u00e1rcel de Najayo-Mujeres.<\/span><\/p>\n<\/p>\n<p><span class=\"text1noticias\">El recurso de fue presentado el procurador general de la Corte de Apelaci\u00f3n de San Crist\u00f3bal, Jes\u00fas Fern\u00e1ndez V\u00e9lez en contra de la decisi\u00f3n del juez suplente de la Ejecuci\u00f3n de la Pena de esa jurisdicci\u00f3n, Willy de Jes\u00fas N\u00fa\u00f1ez, quien acogi\u00f3 el recurso de amparo.<\/span><\/p>\n<\/p>\n<p><span class=\"text1noticias\">La acci\u00f3n de amparo acogida por el juez de la ejecuci\u00f3n de la pena de San Crist\u00f3bal,  fue elevada en contra de la Procuradur\u00eda General de la Rep\u00fablica y las dem\u00e1s autoridades del nuevo modelo penitenciario, por el abogado de la imputada F\u00e9lix Humberto Portes N\u00fa\u00f1ez.<\/span><\/p>\n<\/p>\n<\/p>\n<h6> 2010-11-30 22:15:51 <\/h6>\n<p><!--\n<link rel=\"stylesheet\" href=\"css\/bootstrap.min.css\">\n\n\n<ul class=\"pagination\">\n\t    \n\t\n\n<li >\n\t<a href='?page_no=30380'>Previous<\/a>\n\t<\/li>\n\n\n       \n    \n\n<li><a href='?page_no=1'>1<\/a><\/li>\n\n\n\n<li><a href='?page_no=2'>2<\/a><\/li>\n\n\n\n<li><a>...<\/a><\/li>\n\n\n\n<li><a href='?page_no=30379'>30379<\/a><\/li>\n\n\n\n<li><a href='?page_no=30380'>30380<\/a><\/li>\n\n\n\n<li class='active'><a>30381<\/a><\/li>\n\n\n\n<li><a href='?page_no=30382'>30382<\/a><\/li>\n\n\n\n<li><a href='?page_no=30383'>30383<\/a><\/li>\n\n\n\n<li><a>...<\/a><\/li>\n\n\n\n<li><a href='?page_no=31963'>31963<\/a><\/li>\n\n\n\n<li><a href='?page_no=31964'>31964<\/a><\/li>\n\n    \n\t\n\n<li >\n\t<a href='?page_no=30382'>Next<\/a>\n\t<\/li>\n\n\n    \n\n<li><a href='?page_no=31964'>Last &rsaquo;&rsaquo;<\/a><\/li>\n\n<\/ul>\n\n\n--><br \/>\n<\/body><\/p>\n","protected":false},"excerpt":{"rendered":"<p>Santo Domingo.-Los jueces del Primer Tribunal Colegiado del Distrito Nacional fijaron para el pr\u00f3ximo 7 de febrero, el conocimiento del juicio de fondo seguido en contra de los ocho implicados acusado de formar parte de la red que dirig\u00eda el boricua Jos\u00e9 David Figueroa Agosto. Los magistrados Antonio S\u00e1nchez Mej\u00eda, quien preside, Gissell M\u00e9ndez y [&hellip;]<\/p>\n","protected":false},"author":3,"featured_media":0,"comment_status":"open","ping_status":"open","sticky":false,"template":"","format":"standard","meta":{"footnotes":""},"categories":[24],"tags":[],"class_list":["post-155213","post","type-post","status-publish","format-standard","hentry","category-justicia-y-derecho"],"_links":{"self":[{"href":"https:\/\/diariodominicano.com\/index.php?rest_route=\/wp\/v2\/posts\/155213","targetHints":{"allow":["GET"]}}],"collection":[{"href":"https:\/\/diariodominicano.com\/index.php?rest_route=\/wp\/v2\/posts"}],"about":[{"href":"https:\/\/diariodominicano.com\/index.php?rest_route=\/wp\/v2\/types\/post"}],"author":[{"embeddable":true,"href":"https:\/\/diariodominicano.com\/index.php?rest_route=\/wp\/v2\/users\/3"}],"replies":[{"embeddable":true,"href":"https:\/\/diariodominicano.com\/index.php?rest_route=%2Fwp%2Fv2%2Fcomments&post=155213"}],"version-history":[{"count":0,"href":"https:\/\/diariodominicano.com\/index.php?rest_route=\/wp\/v2\/posts\/155213\/revisions"}],"wp:attachment":[{"href":"https:\/\/diariodominicano.com\/index.php?rest_route=%2Fwp%2Fv2%2Fmedia&parent=155213"}],"wp:term":[{"taxonomy":"category","embeddable":true,"href":"https:\/\/diariodominicano.com\/index.php?rest_route=%2Fwp%2Fv2%2Fcategories&post=155213"},{"taxonomy":"post_tag","embeddable":true,"href":"https:\/\/diariodominicano.com\/index.php?rest_route=%2Fwp%2Fv2%2Ftags&post=155213"}],"curies":[{"name":"wp","href":"https:\/\/api.w.org\/{rel}","templated":true}]}}