{"id":155211,"date":"2010-11-30T22:29:58","date_gmt":"2010-11-30T22:29:58","guid":{"rendered":"http:\/\/diariodominicano.ddns.net\/?p=155211"},"modified":"2010-11-30T22:29:58","modified_gmt":"2010-11-30T22:29:58","slug":"gobierno-dominicano-ve-con-preocupacion-situacion-electoral-haiti","status":"publish","type":"post","link":"https:\/\/diariodominicano.com\/?p=155211","title":{"rendered":"&#13;Gobierno dominicano ve con preocupaci\u00f3n situaci\u00f3n electoral Hait\u00ed"},"content":{"rendered":"<p><body><\/p>\n<p><img decoding=\"async\" src=\"http:\/\/localhost:8080\/justiciayderecho\/img3\/ruben silie.jpg\" \/>  <\/p>\n<\/p>\n<p><span class=\"text1noticias\">PUERTO PR\u00cdNCIPE,30 nov 2010 .- El Gobierno dominicano ve \u00abcon gran preocupaci\u00f3n\u00bb la situaci\u00f3n de Hait\u00ed tras las elecciones del pasado domingo, cuando doce de los diecinueve candidatos a la Presidencia pidieron la anulaci\u00f3n del proceso electoral, dijo hoy el embajador de la Rep\u00fablica Dominicana en el pa\u00eds, Rub\u00e9n Sili\u00e9. <\/span><\/p>\n<\/p>\n<p><span class=\"text1noticias\">Sili\u00e9 dijo que \u00abtodo lo que ocurre en Hait\u00ed impacta en la Rep\u00fablica Dominicana\u00bb. Explic\u00f3 que estas repercusiones obedecen a varias razones, como la presencia de una gran comunidad de haitianos en territorio dominicano y las relaciones comerciales entre ambos pa\u00edses. <\/span><\/p>\n<\/p>\n<p><span class=\"text1noticias\">Junto a ello, el diplom\u00e1tico dominicano se\u00f1al\u00f3 los \u00abproblemas en las relaciones fronterizas\u00bb que desde hace a\u00f1os han existido entre ambas naciones, por lo que \u00abcada vez que pasa algo en Hait\u00ed, siempre tiene un reflejo en la Rep\u00fablica Dominicana\u00bb, indic\u00f3. <\/span><\/p>\n<\/p>\n<p><span class=\"text1noticias\">El embajador record\u00f3 los incidentes ocurridos ayer en la ciudad fronteriza de Dajab\u00f3n, donde al menos cinco haitianos resultaron heridos de bala durante violentos enfrentamientos con miembros de la seguridad fronteriza dominicana, polic\u00edas de su pa\u00eds y soldados de la Misi\u00f3n de la ONU en Hait\u00ed.<\/span><\/p>\n<\/p>\n<p><span class=\"text1noticias\">\u00abPor eso, no quisi\u00e9ramos que pasaran cosas\u00bb en Hait\u00ed, agreg\u00f3 el embajador en referencia a las manifestaciones que surgieron durante la jornada electoral y a la inquietud que existe en el pa\u00eds ante la posibilidad de que las protestas puedan agravarse.<\/span><\/p>\n<\/p>\n<p><span class=\"text1noticias\">El pasado domingo, durante las elecciones presidenciales y legislativas, doce candidatos a la Presidencia denunciaron un \u00abfraude masivo\u00bb en el manejo de las votaciones y pidieron la nulidad del proceso, lo que desencaden\u00f3 manifestaciones de protesta en Puerto Pr\u00edncipe y en varias ciudades del pa\u00eds. <\/span><\/p>\n<\/p>\n<p><span class=\"text1noticias\">Dos de esos candidatos, Mirlande Manigat y Michel Martelly se desvincularon ayer de esta solicitud y pidieron que el proceso electoral siga adelante. <\/span><\/p>\n<\/p>\n<p><span class=\"text1noticias\">El embajador confi\u00f3 en que la situaci\u00f3n \u00abno se va a complicar m\u00e1s. Creo que estamos en v\u00edas de restablecer el orden y la tranquilidad, no en un escenario de conflictos callejeros violentos como los que se dieron entre 1995 y 2005 Ya esa mec\u00e1nica de bandas dej\u00f3 de operar en Hait\u00ed\u00bb.<\/span><\/p>\n<\/p>\n<p><span class=\"text1noticias\">Sili\u00e9 subray\u00f3 el papel de los organismos internacionales y de las representaciones diplom\u00e1ticas internacionales en las conversaciones y reuniones mantenidas durante las \u00faltimas horas para tratar de conseguir una normalizaci\u00f3n de la situaci\u00f3n. <\/span><\/p>\n<\/p>\n<p><span class=\"text1noticias\">\u00abTodo el mundo ha desplegado todos los esfuerzos que ha podido, tratando de acercarse a los candidatos para hablar con ellos y solicitarles ecuanimidad. Pienso que esta situaci\u00f3n se puede normalizar de aqu\u00ed a una semana\u00bb, agreg\u00f3. <\/span><\/p>\n<\/p>\n<h6> 2010-11-30 22:29:58 <\/h6>\n<p><!--\n<link rel=\"stylesheet\" href=\"css\/bootstrap.min.css\">\n\n\n<ul class=\"pagination\">\n\t    \n\t\n\n<li >\n\t<a href='?page_no=30378'>Previous<\/a>\n\t<\/li>\n\n\n       \n    \n\n<li><a href='?page_no=1'>1<\/a><\/li>\n\n\n\n<li><a href='?page_no=2'>2<\/a><\/li>\n\n\n\n<li><a>...<\/a><\/li>\n\n\n\n<li><a href='?page_no=30377'>30377<\/a><\/li>\n\n\n\n<li><a href='?page_no=30378'>30378<\/a><\/li>\n\n\n\n<li class='active'><a>30379<\/a><\/li>\n\n\n\n<li><a href='?page_no=30380'>30380<\/a><\/li>\n\n\n\n<li><a href='?page_no=30381'>30381<\/a><\/li>\n\n\n\n<li><a>...<\/a><\/li>\n\n\n\n<li><a href='?page_no=31963'>31963<\/a><\/li>\n\n\n\n<li><a href='?page_no=31964'>31964<\/a><\/li>\n\n    \n\t\n\n<li >\n\t<a href='?page_no=30380'>Next<\/a>\n\t<\/li>\n\n\n    \n\n<li><a href='?page_no=31964'>Last &rsaquo;&rsaquo;<\/a><\/li>\n\n<\/ul>\n\n\n--><br \/>\n<\/body><\/p>\n","protected":false},"excerpt":{"rendered":"<p>PUERTO PR\u00cdNCIPE,30 nov 2010 .- El Gobierno dominicano ve \u00abcon gran preocupaci\u00f3n\u00bb la situaci\u00f3n de Hait\u00ed tras las elecciones del pasado domingo, cuando doce de los diecinueve candidatos a la Presidencia pidieron la anulaci\u00f3n del proceso electoral, dijo hoy el embajador de la Rep\u00fablica Dominicana en el pa\u00eds, Rub\u00e9n Sili\u00e9. Sili\u00e9 dijo que \u00abtodo lo [&hellip;]<\/p>\n","protected":false},"author":3,"featured_media":0,"comment_status":"open","ping_status":"open","sticky":false,"template":"","format":"standard","meta":{"footnotes":""},"categories":[24],"tags":[],"class_list":["post-155211","post","type-post","status-publish","format-standard","hentry","category-justicia-y-derecho"],"_links":{"self":[{"href":"https:\/\/diariodominicano.com\/index.php?rest_route=\/wp\/v2\/posts\/155211","targetHints":{"allow":["GET"]}}],"collection":[{"href":"https:\/\/diariodominicano.com\/index.php?rest_route=\/wp\/v2\/posts"}],"about":[{"href":"https:\/\/diariodominicano.com\/index.php?rest_route=\/wp\/v2\/types\/post"}],"author":[{"embeddable":true,"href":"https:\/\/diariodominicano.com\/index.php?rest_route=\/wp\/v2\/users\/3"}],"replies":[{"embeddable":true,"href":"https:\/\/diariodominicano.com\/index.php?rest_route=%2Fwp%2Fv2%2Fcomments&post=155211"}],"version-history":[{"count":0,"href":"https:\/\/diariodominicano.com\/index.php?rest_route=\/wp\/v2\/posts\/155211\/revisions"}],"wp:attachment":[{"href":"https:\/\/diariodominicano.com\/index.php?rest_route=%2Fwp%2Fv2%2Fmedia&parent=155211"}],"wp:term":[{"taxonomy":"category","embeddable":true,"href":"https:\/\/diariodominicano.com\/index.php?rest_route=%2Fwp%2Fv2%2Fcategories&post=155211"},{"taxonomy":"post_tag","embeddable":true,"href":"https:\/\/diariodominicano.com\/index.php?rest_route=%2Fwp%2Fv2%2Ftags&post=155211"}],"curies":[{"name":"wp","href":"https:\/\/api.w.org\/{rel}","templated":true}]}}