{"id":155207,"date":"2010-12-01T15:10:45","date_gmt":"2010-12-01T15:10:45","guid":{"rendered":"http:\/\/diariodominicano.ddns.net\/?p=155207"},"modified":"2010-12-01T15:10:45","modified_gmt":"2010-12-01T15:10:45","slug":"piden-poner-orden-al-problema-migratorio-en-el-pais","status":"publish","type":"post","link":"https:\/\/diariodominicano.com\/?p=155207","title":{"rendered":"Piden poner orden al problema migratorio en el pa\u00eds"},"content":{"rendered":"<p><body><\/p>\n<p><span class=\"text1noticias\">Santo Domingo, 01 dic 2010.- El ex embajador Carlos Francisco El\u00edas asegur\u00f3 este mi\u00e9rcoles que si el Estado dominicano no pone orden en las relaciones con Hait\u00ed, en el territorio nacional se puede esperar que la gente reaccione con violencia frente a la presencia y acciones de los haitianos ilegales.<\/span><\/p>\n<\/p>\n<p><span class=\"text1noticias\">\u00abNo hemos puesto la casa en orden; hemos sido descuidados y eso es una pol\u00edtica de Estado negativa\u00bb,  expres\u00f3 El\u00edas.<\/span><\/p>\n<\/p>\n<p><span class=\"text1noticias\">Agreg\u00f3 que mientras los dominicanos sigan d\u00e1ndole largas a una situaci\u00f3n que se deteriora cada d\u00eda, los poderes mundiales insisten en buscar una soluci\u00f3n al problema haitiano en los brazos de los dominicanos.<\/span><\/p>\n<\/p>\n<p><span class=\"text1noticias\">Estim\u00f3 que incluso con el env\u00edo de ayuda humanitaria, el Estado dominicano env\u00eda se\u00f1ales negativas, pues a su juicio su rol debe ser exigir que toda la ayuda internacional se destine a mejorar las condiciones de vida en Hait\u00ed para evitar que se sigan desatando epidemias que pasan al territorio nacional.<\/span><\/p>\n<\/p>\n<p><span class=\"text1noticias\">El\u00edas al ser entrevistado en el matutino \u00abEl Bulevar con Pablo McKinney\u00bb, por CDN canal 37,  advirti\u00f3 que \u00abla poblaci\u00f3n dominicana no est\u00e1 en disposici\u00f3n de aceptar una integraci\u00f3n binacional\u00bb como a su juicio impulsa Francia.<\/span><\/p>\n<\/p>\n<p><span class=\"text1noticias\">Aludi\u00f3 al llamado \u00abInforme Attali\u00bb, preparado por un equipo que dirige el consultor franc\u00e9s Jacques Attali a solicitud del gobierno dominicano, en el que, entre otras cosas, propone acciones concretas para fortalecer la infraestructura en la frontera para estimular el comercio.<\/span><\/p>\n<\/p>\n<p><span class=\"text1noticias\">Dijo que en la propuesta 70, Attali se\u00f1ala la necesidad de mejorar carreteras de acceso a la frontera, paso seguro transfronterizo, facilidades para otorgar visado en la misma frontera, entre otros.<\/span><\/p>\n<p><span class=\"text1noticias\">A juicio de El\u00edas, todo su enfoque se inclina a fortalecer una integraci\u00f3n binacional de Hait\u00ed y Rep\u00fablica Dominicana, que a su entender es inaceptable.<\/span><\/p>\n<p>.<\/p>\n<h6> 2010-12-01 15:10:45 <\/h6>\n<p><!--\n<link rel=\"stylesheet\" href=\"css\/bootstrap.min.css\">\n\n\n<ul class=\"pagination\">\n\t    \n\t\n\n<li >\n\t<a href='?page_no=30374'>Previous<\/a>\n\t<\/li>\n\n\n       \n    \n\n<li><a href='?page_no=1'>1<\/a><\/li>\n\n\n\n<li><a href='?page_no=2'>2<\/a><\/li>\n\n\n\n<li><a>...<\/a><\/li>\n\n\n\n<li><a href='?page_no=30373'>30373<\/a><\/li>\n\n\n\n<li><a href='?page_no=30374'>30374<\/a><\/li>\n\n\n\n<li class='active'><a>30375<\/a><\/li>\n\n\n\n<li><a href='?page_no=30376'>30376<\/a><\/li>\n\n\n\n<li><a href='?page_no=30377'>30377<\/a><\/li>\n\n\n\n<li><a>...<\/a><\/li>\n\n\n\n<li><a href='?page_no=31963'>31963<\/a><\/li>\n\n\n\n<li><a href='?page_no=31964'>31964<\/a><\/li>\n\n    \n\t\n\n<li >\n\t<a href='?page_no=30376'>Next<\/a>\n\t<\/li>\n\n\n    \n\n<li><a href='?page_no=31964'>Last &rsaquo;&rsaquo;<\/a><\/li>\n\n<\/ul>\n\n\n--><br \/>\n<\/body><\/p>\n","protected":false},"excerpt":{"rendered":"<p>Santo Domingo, 01 dic 2010.- El ex embajador Carlos Francisco El\u00edas asegur\u00f3 este mi\u00e9rcoles que si el Estado dominicano no pone orden en las relaciones con Hait\u00ed, en el territorio nacional se puede esperar que la gente reaccione con violencia frente a la presencia y acciones de los haitianos ilegales. \u00abNo hemos puesto la casa [&hellip;]<\/p>\n","protected":false},"author":3,"featured_media":0,"comment_status":"open","ping_status":"open","sticky":false,"template":"","format":"standard","meta":{"footnotes":""},"categories":[24],"tags":[],"class_list":["post-155207","post","type-post","status-publish","format-standard","hentry","category-justicia-y-derecho"],"_links":{"self":[{"href":"https:\/\/diariodominicano.com\/index.php?rest_route=\/wp\/v2\/posts\/155207","targetHints":{"allow":["GET"]}}],"collection":[{"href":"https:\/\/diariodominicano.com\/index.php?rest_route=\/wp\/v2\/posts"}],"about":[{"href":"https:\/\/diariodominicano.com\/index.php?rest_route=\/wp\/v2\/types\/post"}],"author":[{"embeddable":true,"href":"https:\/\/diariodominicano.com\/index.php?rest_route=\/wp\/v2\/users\/3"}],"replies":[{"embeddable":true,"href":"https:\/\/diariodominicano.com\/index.php?rest_route=%2Fwp%2Fv2%2Fcomments&post=155207"}],"version-history":[{"count":0,"href":"https:\/\/diariodominicano.com\/index.php?rest_route=\/wp\/v2\/posts\/155207\/revisions"}],"wp:attachment":[{"href":"https:\/\/diariodominicano.com\/index.php?rest_route=%2Fwp%2Fv2%2Fmedia&parent=155207"}],"wp:term":[{"taxonomy":"category","embeddable":true,"href":"https:\/\/diariodominicano.com\/index.php?rest_route=%2Fwp%2Fv2%2Fcategories&post=155207"},{"taxonomy":"post_tag","embeddable":true,"href":"https:\/\/diariodominicano.com\/index.php?rest_route=%2Fwp%2Fv2%2Ftags&post=155207"}],"curies":[{"name":"wp","href":"https:\/\/api.w.org\/{rel}","templated":true}]}}