{"id":155205,"date":"2010-12-01T17:33:21","date_gmt":"2010-12-01T17:33:21","guid":{"rendered":"http:\/\/diariodominicano.ddns.net\/?p=155205"},"modified":"2010-12-01T17:33:21","modified_gmt":"2010-12-01T17:33:21","slug":"presidente-encabeza-consejo-de-gobierno-ampliado-participan-ministros-viceministros-y-directores-generales","status":"publish","type":"post","link":"https:\/\/diariodominicano.com\/?p=155205","title":{"rendered":"Presidente encabeza Consejo de Gobierno Ampliado, participan ministros, viceministros y directores generales &#13;"},"content":{"rendered":"<p><body><\/p>\n<p><img decoding=\"async\" src=\"http:\/\/localhost:8080\/justiciayderecho\/img3\/Leonel en consejo gob2.JPG\" \/>  <\/p>\n<p><span class=\"text1noticias\">Santo Domingo, 01  Dic 2010.-  El presidente Leonel Fern\u00e1ndez encabeza en estos momentos un  Consejo de Gobierno Ampliado en  el que se discuten los temas  que tienen que ver con garantizar la  transparencia en las ejecutorias gubernamentales. <\/span><\/p>\n<\/p>\n<p><span class=\"text1noticias\">La reuni\u00f3n de este mi\u00e9rcoles en la que participan ministros, viceministros y directores generales de instituciones del Estado, es la continuaci\u00f3n de la anterior  donde Fern\u00e1ndez escuch\u00f3 recomendaciones de organismos internacionales y locales de c\u00f3mo prevenir la corrupci\u00f3n en las oficinas p\u00fablicas. <\/span><\/p>\n<\/p>\n<p><span class=\"text1noticias\">Fue el propio Fern\u00e1ndez quien cre\u00f3 la Iniciativa Participativa Anticorrupci\u00f3n con el prop\u00f3sito de prevenir el dolo en las instituciones del Estado. <\/span><\/p>\n<\/p>\n<p><span class=\"text1noticias\">La Iniciativa Participativa Anticorrupci\u00f3n, la integran  entidades como la Organizaci\u00f3n de Naciones Unidas (ONU), Uni\u00f3n Europea, Organizaci\u00f3n de Estados Americanos (OEA), as\u00ed como entidades de la sociedad civil que abogan por la transparencia en las ejecutorias gubernamentales. <\/span><\/p>\n<\/p>\n<p><span class=\"text1noticias\">La reuni\u00f3n que se desarrolla en el Sal\u00f3n de Consejo de Gobierno en la segunda planta del Palacio Nacional se inici\u00f3 a las 11:40 de la ma\u00f1ana con la llegada de Fern\u00e1ndez. El mandatario ingres\u00f3 al sal\u00f3n en compa\u00f1\u00eda del vicepresidente Rafael Alburquerque, el ministro de la Presidencia, doctor C\u00e9sar Pina Toribio, el ministro de Informaci\u00f3n y Prensa de la Presidencia, Rafael N\u00fa\u00f1ez y el jefe del Cuerpo de Ayudantes Militares, mayor general Bienvenido Medina Medina. <\/span><\/p>\n<\/p>\n<\/p>\n<h6> 2010-12-01 17:33:21 <\/h6>\n<p><!--\n<link rel=\"stylesheet\" href=\"css\/bootstrap.min.css\">\n\n\n<ul class=\"pagination\">\n\t    \n\t\n\n<li >\n\t<a href='?page_no=30372'>Previous<\/a>\n\t<\/li>\n\n\n       \n    \n\n<li><a href='?page_no=1'>1<\/a><\/li>\n\n\n\n<li><a href='?page_no=2'>2<\/a><\/li>\n\n\n\n<li><a>...<\/a><\/li>\n\n\n\n<li><a href='?page_no=30371'>30371<\/a><\/li>\n\n\n\n<li><a href='?page_no=30372'>30372<\/a><\/li>\n\n\n\n<li class='active'><a>30373<\/a><\/li>\n\n\n\n<li><a href='?page_no=30374'>30374<\/a><\/li>\n\n\n\n<li><a href='?page_no=30375'>30375<\/a><\/li>\n\n\n\n<li><a>...<\/a><\/li>\n\n\n\n<li><a href='?page_no=31963'>31963<\/a><\/li>\n\n\n\n<li><a href='?page_no=31964'>31964<\/a><\/li>\n\n    \n\t\n\n<li >\n\t<a href='?page_no=30374'>Next<\/a>\n\t<\/li>\n\n\n    \n\n<li><a href='?page_no=31964'>Last &rsaquo;&rsaquo;<\/a><\/li>\n\n<\/ul>\n\n\n--><br \/>\n<\/body><\/p>\n","protected":false},"excerpt":{"rendered":"<p>Santo Domingo, 01 Dic 2010.- El presidente Leonel Fern\u00e1ndez encabeza en estos momentos un Consejo de Gobierno Ampliado en el que se discuten los temas que tienen que ver con garantizar la transparencia en las ejecutorias gubernamentales. La reuni\u00f3n de este mi\u00e9rcoles en la que participan ministros, viceministros y directores generales de instituciones del Estado, [&hellip;]<\/p>\n","protected":false},"author":3,"featured_media":0,"comment_status":"open","ping_status":"open","sticky":false,"template":"","format":"standard","meta":{"footnotes":""},"categories":[24],"tags":[],"class_list":["post-155205","post","type-post","status-publish","format-standard","hentry","category-justicia-y-derecho"],"_links":{"self":[{"href":"https:\/\/diariodominicano.com\/index.php?rest_route=\/wp\/v2\/posts\/155205","targetHints":{"allow":["GET"]}}],"collection":[{"href":"https:\/\/diariodominicano.com\/index.php?rest_route=\/wp\/v2\/posts"}],"about":[{"href":"https:\/\/diariodominicano.com\/index.php?rest_route=\/wp\/v2\/types\/post"}],"author":[{"embeddable":true,"href":"https:\/\/diariodominicano.com\/index.php?rest_route=\/wp\/v2\/users\/3"}],"replies":[{"embeddable":true,"href":"https:\/\/diariodominicano.com\/index.php?rest_route=%2Fwp%2Fv2%2Fcomments&post=155205"}],"version-history":[{"count":0,"href":"https:\/\/diariodominicano.com\/index.php?rest_route=\/wp\/v2\/posts\/155205\/revisions"}],"wp:attachment":[{"href":"https:\/\/diariodominicano.com\/index.php?rest_route=%2Fwp%2Fv2%2Fmedia&parent=155205"}],"wp:term":[{"taxonomy":"category","embeddable":true,"href":"https:\/\/diariodominicano.com\/index.php?rest_route=%2Fwp%2Fv2%2Fcategories&post=155205"},{"taxonomy":"post_tag","embeddable":true,"href":"https:\/\/diariodominicano.com\/index.php?rest_route=%2Fwp%2Fv2%2Ftags&post=155205"}],"curies":[{"name":"wp","href":"https:\/\/api.w.org\/{rel}","templated":true}]}}