{"id":155203,"date":"2010-12-01T17:55:23","date_gmt":"2010-12-01T17:55:23","guid":{"rendered":"http:\/\/diariodominicano.ddns.net\/?p=155203"},"modified":"2010-12-01T17:55:23","modified_gmt":"2010-12-01T17:55:23","slug":"censan-al-presidente-inician-ix-censo-nacional-de-poblacion-y-vivienda-2010","status":"publish","type":"post","link":"https:\/\/diariodominicano.com\/?p=155203","title":{"rendered":"Censan al Presidente; Inician IX Censo Nacional de Poblaci\u00f3n y Vivienda 2010"},"content":{"rendered":"<p><body><\/p>\n<p><img decoding=\"async\" src=\"http:\/\/localhost:8080\/justiciayderecho\/img3\/Censo Dominicano.jpg\" \/>  <\/p>\n<p><span class=\"text1noticias\">Santo Domingo,  01  Dic 2010.-  El presidente Leonel Fern\u00e1ndez fue censado en el Palacio Nacional durante la ma\u00f1ana de este mi\u00e9rcoles primero de diciembre, cuando  se inici\u00f3 el IX Censo Nacional de Poblaci\u00f3n y Vivienda 2010, jornada que se extender\u00e1 hasta el siete de este mes. <\/span><\/p>\n<\/p>\n<p><span class=\"text1noticias\">El Mandatario fue empadronado por el director de la Oficina Nacional de Estad\u00edstica (ONE), Pablo Tactuk, en el sal\u00f3n de Embajadores de la Casa de Gobierno. <\/span><\/p>\n<\/p>\n<p><span class=\"text1noticias\">El Jefe de Estado ofreci\u00f3 los detalles sobre el cuestionario que tiene pautado el censo en las diferentes \u00e1reas para cuantificar las personas, sus condiciones de vida y su ubicaci\u00f3n territorial, entre otras informaciones.  <\/span><\/p>\n<\/p>\n<p><span class=\"text1noticias\">Luego de que el presidente Fern\u00e1ndez fue empadronado, el director de la ONE emiti\u00f3 un mensaje sobre el reto que tiene el pa\u00eds por delante con esta tarea ?pues constituye la principal fuente de informaci\u00f3n estad\u00edstica, en virtud de que sin los datos que piden ?la pol\u00edticas p\u00fablicas y la planificaci\u00f3n econ\u00f3mica y social no tienen fundamento para su elaboraci\u00f3n?. <\/span><\/p>\n<\/p>\n<p><span class=\"text1noticias\">Pidi\u00f3 la colaboraci\u00f3n de la ciudadan\u00eda para el suministro de informaciones veraces a los empadronadores  que visitan los hogares del pa\u00eds. <\/span><\/p>\n<\/p>\n<p><span class=\"text1noticias\">Explic\u00f3 que un censo permite tomar decisiones, sobre bases informadas, acerca de los programas de educaci\u00f3n, salud y protecci\u00f3n social. Adem\u00e1s de definir en cu\u00e1les lugares y en qu\u00e9 cantidad son necesarios obras importantes y las inversiones p\u00fablicas que se requieren para elevar el bienestar de los dominicanos y extranjeros que habitan en el pa\u00eds. <\/span><\/p>\n<\/p>\n<p><span class=\"text1noticias\">Dijo que el censo tambi\u00e9n permite a las autoridades conocer d\u00f3nde hay que apoyar fuertemente la producci\u00f3n agropecuaria y d\u00f3nde se deben hacer mayores esfuerzos para emplear a las personas en busca de ocupaci\u00f3n o a grupos espec\u00edficos como ni\u00f1os y ni\u00f1as, adolescentes, j\u00f3venes, mujeres y envejecientes. <\/span><\/p>\n<\/p>\n<p><span class=\"text1noticias\">La ONE es la instituci\u00f3n que tiene a su cargo la responsabilidad de realizar el  censo que comenz\u00f3 hoy a las 8:00 de la ma\u00f1ana y se extender\u00e1 por una semana. <\/span><\/p>\n<\/p>\n<h6> 2010-12-01 17:55:23 <\/h6>\n<p><!--\n<link rel=\"stylesheet\" href=\"css\/bootstrap.min.css\">\n\n\n<ul class=\"pagination\">\n\t    \n\t\n\n<li >\n\t<a href='?page_no=30370'>Previous<\/a>\n\t<\/li>\n\n\n       \n    \n\n<li><a href='?page_no=1'>1<\/a><\/li>\n\n\n\n<li><a href='?page_no=2'>2<\/a><\/li>\n\n\n\n<li><a>...<\/a><\/li>\n\n\n\n<li><a href='?page_no=30369'>30369<\/a><\/li>\n\n\n\n<li><a href='?page_no=30370'>30370<\/a><\/li>\n\n\n\n<li class='active'><a>30371<\/a><\/li>\n\n\n\n<li><a href='?page_no=30372'>30372<\/a><\/li>\n\n\n\n<li><a href='?page_no=30373'>30373<\/a><\/li>\n\n\n\n<li><a>...<\/a><\/li>\n\n\n\n<li><a href='?page_no=31963'>31963<\/a><\/li>\n\n\n\n<li><a href='?page_no=31964'>31964<\/a><\/li>\n\n    \n\t\n\n<li >\n\t<a href='?page_no=30372'>Next<\/a>\n\t<\/li>\n\n\n    \n\n<li><a href='?page_no=31964'>Last &rsaquo;&rsaquo;<\/a><\/li>\n\n<\/ul>\n\n\n--><br \/>\n<\/body><\/p>\n","protected":false},"excerpt":{"rendered":"<p>Santo Domingo, 01 Dic 2010.- El presidente Leonel Fern\u00e1ndez fue censado en el Palacio Nacional durante la ma\u00f1ana de este mi\u00e9rcoles primero de diciembre, cuando se inici\u00f3 el IX Censo Nacional de Poblaci\u00f3n y Vivienda 2010, jornada que se extender\u00e1 hasta el siete de este mes. El Mandatario fue empadronado por el director de la [&hellip;]<\/p>\n","protected":false},"author":3,"featured_media":0,"comment_status":"open","ping_status":"open","sticky":false,"template":"","format":"standard","meta":{"footnotes":""},"categories":[24],"tags":[],"class_list":["post-155203","post","type-post","status-publish","format-standard","hentry","category-justicia-y-derecho"],"_links":{"self":[{"href":"https:\/\/diariodominicano.com\/index.php?rest_route=\/wp\/v2\/posts\/155203","targetHints":{"allow":["GET"]}}],"collection":[{"href":"https:\/\/diariodominicano.com\/index.php?rest_route=\/wp\/v2\/posts"}],"about":[{"href":"https:\/\/diariodominicano.com\/index.php?rest_route=\/wp\/v2\/types\/post"}],"author":[{"embeddable":true,"href":"https:\/\/diariodominicano.com\/index.php?rest_route=\/wp\/v2\/users\/3"}],"replies":[{"embeddable":true,"href":"https:\/\/diariodominicano.com\/index.php?rest_route=%2Fwp%2Fv2%2Fcomments&post=155203"}],"version-history":[{"count":0,"href":"https:\/\/diariodominicano.com\/index.php?rest_route=\/wp\/v2\/posts\/155203\/revisions"}],"wp:attachment":[{"href":"https:\/\/diariodominicano.com\/index.php?rest_route=%2Fwp%2Fv2%2Fmedia&parent=155203"}],"wp:term":[{"taxonomy":"category","embeddable":true,"href":"https:\/\/diariodominicano.com\/index.php?rest_route=%2Fwp%2Fv2%2Fcategories&post=155203"},{"taxonomy":"post_tag","embeddable":true,"href":"https:\/\/diariodominicano.com\/index.php?rest_route=%2Fwp%2Fv2%2Ftags&post=155203"}],"curies":[{"name":"wp","href":"https:\/\/api.w.org\/{rel}","templated":true}]}}