{"id":155202,"date":"2010-12-02T13:51:05","date_gmt":"2010-12-02T13:51:05","guid":{"rendered":"http:\/\/diariodominicano.ddns.net\/?p=155202"},"modified":"2010-12-02T13:51:05","modified_gmt":"2010-12-02T13:51:05","slug":"onamet-anuncia-lluvias-debiles-en-varias-regiones-seguiran-temperaturas-agradables","status":"publish","type":"post","link":"https:\/\/diariodominicano.com\/?p=155202","title":{"rendered":"Onamet anuncia lluvias d\u00e9biles en varias regiones;  seguir\u00e1n temperaturas agradables"},"content":{"rendered":"<p><body><\/p>\n<p><span class=\"text1noticias\">Santo Domingo, 02 doc 2010.- La Oficina Nacional de Meteorolog\u00eda- ONAMET- inform\u00f3 este jueves que el ambiente en el pa\u00eds seguir\u00e1 bajo la incidencia del viento predominante del Este\/Noreste, el cual arrastra nubosidad hacia la isla, dando lugar a la ocurrencia de lluvias d\u00e9biles de corta duraci\u00f3n sobre los poblados ubicados en las regiones Norte, Noreste, Sureste y la Cordillera Central. <\/span><\/p>\n<\/p>\n<p><span class=\"text1noticias\">Dijo que las temperaturas continuaran  agradables durante las primeras horas de la ma\u00f1ana y en la noche.<\/span><\/p>\n<\/p>\n<p><span class=\"text1noticias\">Asimismo, inform\u00f3 que las condiciones mar\u00edtimas en la costa Atl\u00e1ntica contin\u00faan con vientos y olas anormales por lo que  las peque\u00f1as y fr\u00e1giles embarcaciones deben permanecer en puerto; en tanto que en la bah\u00eda de Saman\u00e1 y en la costa Caribe\u00f1a pueden realizar sus operaciones en el per\u00edmetro costero, sin aventurarse mar afuera.       <\/span><\/p>\n<p><span class=\"text1noticias\">     <\/span><\/p>\n<p><span class=\"text1noticias\">La ONAMET adelant\u00f3 que  a partir del s\u00e1bado el sistema frontal ubicado en la porci\u00f3n central de Cuba, incrementar\u00e1 la actividad de lluvias y r\u00e1fagas de vientos hacia las porciones Noroeste, Norte y zona fronteriza, desplaz\u00e1ndose las precipitaciones hacia el resto del territorio dominicano el pr\u00f3ximo domingo, cuando el fen\u00f3meno atmosf\u00e9rico se ubique sobre el pa\u00eds.  <\/span><\/p>\n<p><span class=\"text1noticias\">      <\/span><\/p>\n<p><span class=\"text1noticias\">Santo Domingo y sus municipios: Medio nublado con lluvias d\u00e9biles de corta duraci\u00f3n. Temperaturas agradables.<\/span><\/p>\n<\/p>\n<p><span class=\"text1noticias\">Distrito Nacional.  Medio nublado con lluvias d\u00e9biles de corta duraci\u00f3n. Temperaturas agradables.<\/span><\/p>\n<\/p>\n<h6> 2010-12-02 13:51:05 <\/h6>\n<p><!--\n<link rel=\"stylesheet\" href=\"css\/bootstrap.min.css\">\n\n\n<ul class=\"pagination\">\n\t    \n\t\n\n<li >\n\t<a href='?page_no=30369'>Previous<\/a>\n\t<\/li>\n\n\n       \n    \n\n<li><a href='?page_no=1'>1<\/a><\/li>\n\n\n\n<li><a href='?page_no=2'>2<\/a><\/li>\n\n\n\n<li><a>...<\/a><\/li>\n\n\n\n<li><a href='?page_no=30368'>30368<\/a><\/li>\n\n\n\n<li><a href='?page_no=30369'>30369<\/a><\/li>\n\n\n\n<li class='active'><a>30370<\/a><\/li>\n\n\n\n<li><a href='?page_no=30371'>30371<\/a><\/li>\n\n\n\n<li><a href='?page_no=30372'>30372<\/a><\/li>\n\n\n\n<li><a>...<\/a><\/li>\n\n\n\n<li><a href='?page_no=31963'>31963<\/a><\/li>\n\n\n\n<li><a href='?page_no=31964'>31964<\/a><\/li>\n\n    \n\t\n\n<li >\n\t<a href='?page_no=30371'>Next<\/a>\n\t<\/li>\n\n\n    \n\n<li><a href='?page_no=31964'>Last &rsaquo;&rsaquo;<\/a><\/li>\n\n<\/ul>\n\n\n--><br \/>\n<\/body><\/p>\n","protected":false},"excerpt":{"rendered":"<p>Santo Domingo, 02 doc 2010.- La Oficina Nacional de Meteorolog\u00eda- ONAMET- inform\u00f3 este jueves que el ambiente en el pa\u00eds seguir\u00e1 bajo la incidencia del viento predominante del Este\/Noreste, el cual arrastra nubosidad hacia la isla, dando lugar a la ocurrencia de lluvias d\u00e9biles de corta duraci\u00f3n sobre los poblados ubicados en las regiones Norte, [&hellip;]<\/p>\n","protected":false},"author":3,"featured_media":0,"comment_status":"open","ping_status":"open","sticky":false,"template":"","format":"standard","meta":{"footnotes":""},"categories":[24],"tags":[],"class_list":["post-155202","post","type-post","status-publish","format-standard","hentry","category-justicia-y-derecho"],"_links":{"self":[{"href":"https:\/\/diariodominicano.com\/index.php?rest_route=\/wp\/v2\/posts\/155202","targetHints":{"allow":["GET"]}}],"collection":[{"href":"https:\/\/diariodominicano.com\/index.php?rest_route=\/wp\/v2\/posts"}],"about":[{"href":"https:\/\/diariodominicano.com\/index.php?rest_route=\/wp\/v2\/types\/post"}],"author":[{"embeddable":true,"href":"https:\/\/diariodominicano.com\/index.php?rest_route=\/wp\/v2\/users\/3"}],"replies":[{"embeddable":true,"href":"https:\/\/diariodominicano.com\/index.php?rest_route=%2Fwp%2Fv2%2Fcomments&post=155202"}],"version-history":[{"count":0,"href":"https:\/\/diariodominicano.com\/index.php?rest_route=\/wp\/v2\/posts\/155202\/revisions"}],"wp:attachment":[{"href":"https:\/\/diariodominicano.com\/index.php?rest_route=%2Fwp%2Fv2%2Fmedia&parent=155202"}],"wp:term":[{"taxonomy":"category","embeddable":true,"href":"https:\/\/diariodominicano.com\/index.php?rest_route=%2Fwp%2Fv2%2Fcategories&post=155202"},{"taxonomy":"post_tag","embeddable":true,"href":"https:\/\/diariodominicano.com\/index.php?rest_route=%2Fwp%2Fv2%2Ftags&post=155202"}],"curies":[{"name":"wp","href":"https:\/\/api.w.org\/{rel}","templated":true}]}}