{"id":155201,"date":"2010-12-02T13:57:14","date_gmt":"2010-12-02T13:57:14","guid":{"rendered":"http:\/\/diariodominicano.ddns.net\/?p=155201"},"modified":"2010-12-02T13:57:14","modified_gmt":"2010-12-02T13:57:14","slug":"vicepresidente-alburquerque-preside-v1-graduacion-del-insude-en-la-ffaa","status":"publish","type":"post","link":"https:\/\/diariodominicano.com\/?p=155201","title":{"rendered":"Vicepresidente Alburquerque preside V1 graduaci\u00f3n del INSUDE en la FFAA"},"content":{"rendered":"<p><body><\/p>\n<p><img decoding=\"async\" src=\"http:\/\/localhost:8080\/justiciayderecho\/img3\/Vice Alburquerque.JPG\" \/>  <\/p>\n<p><span class=\"text1noticias\">Santo Domingo, 02 dic 2010.-  El vicepresidente de la Rep\u00fablica, doctor Rafael Alburquerque, presidi\u00f3 la VI Graduaci\u00f3n Ordinaria del Instituto Superior para la Defensa (INSUDE), junto a los ministros de las Fuerzas Armadas y de Educaci\u00f3n Superior, durante una investidura donde se invistieron 186 graduandos, tanto civiles como militares.<\/span><\/p>\n<\/p>\n<p><span class=\"text1noticias\">El vicepresidente de la Rep\u00fablica entreg\u00f3 junto al director del INSUDE, mayor general, Luis Ram\u00f3n Pay\u00e1n Arach\u00e9, los certificados a los graduandos, durante la ceremonia de investidura.<\/span><\/p>\n<\/p>\n<p><span class=\"text1noticias\">El director del INSUDE, Pa\u00fd\u00e1n Arech\u00e9 destac\u00f3 la calidad de la educaci\u00f3n superior que se ofrece en dicha entidad, de la cual dijo dan cuenta los excelentes resultados mostrados por los graduandos con sus \u00edndices acad\u00e9micos; lo dijo tambi\u00e9n expresa la voluntad del Presidente Leonel Fern\u00e1ndez, de perfeccionar el Recurso Humano, a fin de contribuir con una cultura de seguridad y defensa ciudadana.<\/span><\/p>\n<\/p>\n<p><span class=\"text1noticias\">Destac\u00f3 Pay\u00e1n Arach\u00e9, que dicha l\u00ednea ha sido tomada por el ministro desde las Fuerzas Armadas, Teniente General, Joaqu\u00edn Virgilio P\u00e9rez Feliz, quien dijo ha implementado un Plan Institucional que impulsa la capacitaci\u00f3n, el entrenamiento, la educaci\u00f3n y la formaci\u00f3n de todos los miembros de las Fuerzas Amadas.<\/span><\/p>\n<\/p>\n<p><span class=\"text1noticias\">?Estos Resultados lo demanda el mundo de hoy, que padece los embates despiadados del crimen organizado, de la violencia social, el impacto de la crisis econ\u00f3mica y los desastres naturales y la prevalencia de la falta de valores, generando un ambiente que requiere de hombres y mujeres capaces y actores en los escenarios que los demandan para resolver problemas?, indic\u00f3.<\/span><\/p>\n<\/p>\n<p><span class=\"text1noticias\">El vicepresidente tambi\u00e9n tom\u00f3 el juramento a los graduandos; al tiempo que dijo ?Juran ustedes por la Patria, Dios y su honor respetar los reglamentos, leyes y la Constituci\u00f3n Dominicana, si as\u00ed lo hicieren que Dios la Patria y vuestros ciudadanos los premien y si no que se lo demandan?.<\/span><\/p>\n<p><span class=\"text1noticias\"> <\/span><\/p>\n<p><span class=\"text1noticias\">Coronel Santiago Edmundo Santiago G\u00f3mez, Diplomado Estado Mayor Ej\u00e9rcito Nacional, fue graduado de honor y recibi\u00f3 su reconocieron del Ministro de las Fuerzas Armadas, Virgilio Joaqu\u00edn P\u00e9rez, Capit\u00e1n de Corbeta Miguel C\u00f3rdoba, de Colombia, recibi\u00f3 el reconocimiento al m\u00e9rito, de la Facultad de Ciencias Navales, de parte de la ministra de Educaci\u00f3n Superior, Ligia Amada Melo De Cardona.<\/span><\/p>\n<\/p>\n<p><span class=\"text1noticias\">Los nuevos egresados concluyeron el pensum acad\u00e9mico de la Maestr\u00eda en Defensa y Seguridad Nacional, Especialidades en Geopol\u00edtica, Derechos Humanos e Institucional Y Humanitarios, Comando  y Estado Mayor Conjunto, Estado Mayor Naval, Comando y Estado Mayor A\u00e9reo, y los Cursos de Educaci\u00f3n Continua de Comando de Escuadr\u00f3n A\u00e9reo Auxiliar de Estado Mayor Naval, entre otros.<\/span><\/p>\n<\/p>\n<p><span class=\"text1noticias\">Tambi\u00e9n el vicepresidente entreg\u00f3 los reconocimientos a los Maestros Merit\u00edsimo general en retiro Hern\u00e1n Disla, C\u00e9sar Batista Bladespina, el almirante retirado, Ren\u00e9 Gir\u00f3n Suero, M\u00e1ximo Garc\u00eda Elena, teniente Coronel, el director de la Comisi\u00f3n de los Derechos Humanos, Domingo Porfirio Rojas Nina, entre otros.<\/span><\/p>\n<\/p>\n<p><span class=\"text1noticias\">Cerca de 10 militares extranjeros tambi\u00e9n recibieron sus reconocimientos de manos del vicepresidente Alburquerque, de las naciones de Taiw\u00e1n, Guatemala, Honduras, Paraguay, M\u00e9xico y Colombia, respectivamente; quien adem\u00e1s le tom\u00f3 el juramento a dichos graduandos extranjeros tambi\u00e9n.<\/span><\/p>\n<\/p>\n<p><span class=\"text1noticias\">El coronel E. N. Santiago Edmundo Santiago G\u00f3mez dio las gracias en nombre de los graduandos, quien destac\u00f3 tambi\u00e9n la gesti\u00f3n del Teniente general P\u00e9rez Feliz, al frente de las Fuerzas Armadas, quien asegur\u00f3 ha procurado la capacitaci\u00f3n de los hombres de Armas del pa\u00eds, a nivel superior, a fin de ser competitivos en el mundo de hoy.<\/span><\/p>\n<\/p>\n<p><span class=\"text1noticias\">Tras felicitar al Presidente Leonel Fern\u00e1ndez y a los ministros de las Fuerzas Armadas,  Santiago dijo que dichos estudios le permitir\u00e1n tener herramientas para combatir el Narcotr\u00e1fico, mitigar los Desastres Naturales y el Crimen Organizado, en un mundo Globalizado y muchas demandas de capacidad.<\/span><\/p>\n<p><span class=\"text1noticias\"> <\/span><\/p>\n<p><span class=\"text1noticias\">Tambi\u00e9n la ministra de Educaci\u00f3n Superior, Ligia Amado Melo de Cardona, recibi\u00f3 un reconocimiento como maestra merit\u00edsima  de manos del ministro de las Fuerzas Armadas, P\u00e9rez Feliz, por su trabajo en la Educaci\u00f3n del pa\u00eds. <\/span><\/p>\n<\/p>\n<p><span class=\"text1noticias\">En la actividad tambi\u00e9n participaron el jefe de Estado Mayor de la Marina de Guerra, contralmirante, Luis Homero Lajara Sol\u00e1s, el jefe de Estado Mayor del Ej\u00e9rcito Nacional, Carlos Alberto Rivera Portes, entre otros altos militares.<\/span><\/p>\n<p><span class=\"text1noticias\"> <\/span><\/p>\n<\/p>\n<h6> 2010-12-02 13:57:14 <\/h6>\n<p><!--\n<link rel=\"stylesheet\" href=\"css\/bootstrap.min.css\">\n\n\n<ul class=\"pagination\">\n\t    \n\t\n\n<li >\n\t<a href='?page_no=30368'>Previous<\/a>\n\t<\/li>\n\n\n       \n    \n\n<li><a href='?page_no=1'>1<\/a><\/li>\n\n\n\n<li><a href='?page_no=2'>2<\/a><\/li>\n\n\n\n<li><a>...<\/a><\/li>\n\n\n\n<li><a href='?page_no=30367'>30367<\/a><\/li>\n\n\n\n<li><a href='?page_no=30368'>30368<\/a><\/li>\n\n\n\n<li class='active'><a>30369<\/a><\/li>\n\n\n\n<li><a href='?page_no=30370'>30370<\/a><\/li>\n\n\n\n<li><a href='?page_no=30371'>30371<\/a><\/li>\n\n\n\n<li><a>...<\/a><\/li>\n\n\n\n<li><a href='?page_no=31963'>31963<\/a><\/li>\n\n\n\n<li><a href='?page_no=31964'>31964<\/a><\/li>\n\n    \n\t\n\n<li >\n\t<a href='?page_no=30370'>Next<\/a>\n\t<\/li>\n\n\n    \n\n<li><a href='?page_no=31964'>Last &rsaquo;&rsaquo;<\/a><\/li>\n\n<\/ul>\n\n\n--><br \/>\n<\/body><\/p>\n","protected":false},"excerpt":{"rendered":"<p>Santo Domingo, 02 dic 2010.- El vicepresidente de la Rep\u00fablica, doctor Rafael Alburquerque, presidi\u00f3 la VI Graduaci\u00f3n Ordinaria del Instituto Superior para la Defensa (INSUDE), junto a los ministros de las Fuerzas Armadas y de Educaci\u00f3n Superior, durante una investidura donde se invistieron 186 graduandos, tanto civiles como militares. El vicepresidente de la Rep\u00fablica entreg\u00f3 [&hellip;]<\/p>\n","protected":false},"author":3,"featured_media":0,"comment_status":"open","ping_status":"open","sticky":false,"template":"","format":"standard","meta":{"footnotes":""},"categories":[24],"tags":[],"class_list":["post-155201","post","type-post","status-publish","format-standard","hentry","category-justicia-y-derecho"],"_links":{"self":[{"href":"https:\/\/diariodominicano.com\/index.php?rest_route=\/wp\/v2\/posts\/155201","targetHints":{"allow":["GET"]}}],"collection":[{"href":"https:\/\/diariodominicano.com\/index.php?rest_route=\/wp\/v2\/posts"}],"about":[{"href":"https:\/\/diariodominicano.com\/index.php?rest_route=\/wp\/v2\/types\/post"}],"author":[{"embeddable":true,"href":"https:\/\/diariodominicano.com\/index.php?rest_route=\/wp\/v2\/users\/3"}],"replies":[{"embeddable":true,"href":"https:\/\/diariodominicano.com\/index.php?rest_route=%2Fwp%2Fv2%2Fcomments&post=155201"}],"version-history":[{"count":0,"href":"https:\/\/diariodominicano.com\/index.php?rest_route=\/wp\/v2\/posts\/155201\/revisions"}],"wp:attachment":[{"href":"https:\/\/diariodominicano.com\/index.php?rest_route=%2Fwp%2Fv2%2Fmedia&parent=155201"}],"wp:term":[{"taxonomy":"category","embeddable":true,"href":"https:\/\/diariodominicano.com\/index.php?rest_route=%2Fwp%2Fv2%2Fcategories&post=155201"},{"taxonomy":"post_tag","embeddable":true,"href":"https:\/\/diariodominicano.com\/index.php?rest_route=%2Fwp%2Fv2%2Ftags&post=155201"}],"curies":[{"name":"wp","href":"https:\/\/api.w.org\/{rel}","templated":true}]}}