{"id":155200,"date":"2010-12-02T14:38:33","date_gmt":"2010-12-02T14:38:33","guid":{"rendered":"http:\/\/diariodominicano.ddns.net\/?p=155200"},"modified":"2010-12-02T14:38:33","modified_gmt":"2010-12-02T14:38:33","slug":"adocco-califica-golpe-bajo-ratificacion-miembros-camara-de-cuentas","status":"publish","type":"post","link":"https:\/\/diariodominicano.com\/?p=155200","title":{"rendered":"ADOCCO califica golpe bajo ratificaci\u00f3n miembros C\u00e1mara de Cuentas"},"content":{"rendered":"<p><body><\/p>\n<p><img decoding=\"async\" src=\"http:\/\/localhost:8080\/justiciayderecho\/img3\/TIBURCIO.JPG\" \/>  <\/p>\n<p><span class=\"text1noticias\">Santo Domingo, 2 dic 2010.- El  presidente de  La Alianza Dominicana Contra la Corrupci\u00f3n (ADOCCO) califico de golpe bajo a la lucha contra la corrupci\u00f3n la designaci\u00f3n de 4 miembros de la anterior C\u00e1mara de Cuentas por el Senado de la Rep\u00fablica.<\/span><\/p>\n<\/p>\n<p><span class=\"text1noticias\">Julio C\u00e9sar de la Rosa Tiburcio dijo que esos cuatro integrantes de la C\u00e1mara de Cuentas en el tiempo que duraron en el cargo fueron indiferentes a las decenas de denuncias de corrupci\u00f3n que realizaron medios de comunicaci\u00f3n y entidades de la sociedad civil.<\/span><\/p>\n<\/p>\n<p><span class=\"text1noticias\">?No se explica como la C\u00e1mara Alta escoge como miembros del organismo de control externo a personas que durante el tiempo que pasaron all\u00ed solo dieron a conocer 40 auditor\u00edas de Distritos municipales y Partidos minoritarios? dijo.<\/span><\/p>\n<p><span class=\"text1noticias\"> <\/span><\/p>\n<p><span class=\"text1noticias\">Manifest\u00f3 que la escogencia de los cinco miembros que conformar\u00e1n la C\u00e1mara de Cuentas, la cual continuar\u00e1 presidiendo la doctora Licelot Marte de Barrios, Pablo Domingo del Rosario, vicepresidente; Pedro Antonio Ortiz Hern\u00e1ndez, secretario, Juan Jos\u00e9 Heredia Castillo y Alfredo Cruz Polanco el \u00fanico que no era miembro, constituye un rev\u00e9s a la transparencia en el manejo de los fondos p\u00fablicos, por la indiferencia que los mismos mostraron.<\/span><\/p>\n<\/p>\n<p><span class=\"text1noticias\">De la Rosa Tiburcio llam\u00f3 a la clase profesional a que no vuelva a someterse a la burla de la C\u00e1mara de Diputados y el Senado de la Republica a trav\u00e9s de llamado a vistas p\u00fablicas para ocupar posiciones reservadas su escogencia a esos organismos.<\/span><\/p>\n<\/p>\n<p><span class=\"text1noticias\">?Fue por ello que desde el principio denunciamos que la C\u00e1mara de Diputados iba a desaprovechar la gran oportunidad otorgada por la Constituci\u00f3n del pasado 26 de enero, al preseleccionar como candidatos a miembros a los sugeridos por los partidos pol\u00edticos?, expres\u00f3 Julio Cesar De la Rosa Tiburcio.<\/span><\/p>\n<\/p>\n<p><span class=\"text1noticias\">Dijo que ADOCCO no ten\u00eda muchas esperanzas en el resultado final en la escogencia del \u00f3rgano de control ya que la forma de escoger las ternas remitida al Senado por parte de la C\u00e1mara de Diputados  viol\u00f3 la Constituci\u00f3n de la Republica, la ley de C\u00e1mara de Cuentas 10-04 y el Reglamento Interno de la C\u00e1mara de Diputados.<\/span><\/p>\n<\/p>\n<p><span class=\"text1noticias\">Record\u00f3 que en esa ocasi\u00f3n ADOCCO dijo que la selecci\u00f3n realizada de los aspirantes que conforman las cinco ternas enviadas al Senado de la Rep\u00fablica reflejan serias violaciones al procedimiento de evaluaci\u00f3n inicialmente establecido y a las disposiciones constitucionales (C.D., art. 249), legales (ley 10-04, art. 11) y reglamentarias (t\u00edtulo x, cap\u00edtulo ii, art. 164, p\u00e1rrafos iii y iv ) del Reglamento Interior de la C\u00e1mara de Diputados a las cuales estaban obligados y comprometidos a ce\u00f1irse.<\/span><\/p>\n<\/p>\n<h6> 2010-12-02 14:38:33 <\/h6>\n<p><!--\n<link rel=\"stylesheet\" href=\"css\/bootstrap.min.css\">\n\n\n<ul class=\"pagination\">\n\t    \n\t\n\n<li >\n\t<a href='?page_no=30367'>Previous<\/a>\n\t<\/li>\n\n\n       \n    \n\n<li><a href='?page_no=1'>1<\/a><\/li>\n\n\n\n<li><a href='?page_no=2'>2<\/a><\/li>\n\n\n\n<li><a>...<\/a><\/li>\n\n\n\n<li><a href='?page_no=30366'>30366<\/a><\/li>\n\n\n\n<li><a href='?page_no=30367'>30367<\/a><\/li>\n\n\n\n<li class='active'><a>30368<\/a><\/li>\n\n\n\n<li><a href='?page_no=30369'>30369<\/a><\/li>\n\n\n\n<li><a href='?page_no=30370'>30370<\/a><\/li>\n\n\n\n<li><a>...<\/a><\/li>\n\n\n\n<li><a href='?page_no=31963'>31963<\/a><\/li>\n\n\n\n<li><a href='?page_no=31964'>31964<\/a><\/li>\n\n    \n\t\n\n<li >\n\t<a href='?page_no=30369'>Next<\/a>\n\t<\/li>\n\n\n    \n\n<li><a href='?page_no=31964'>Last &rsaquo;&rsaquo;<\/a><\/li>\n\n<\/ul>\n\n\n--><br \/>\n<\/body><\/p>\n","protected":false},"excerpt":{"rendered":"<p>Santo Domingo, 2 dic 2010.- El presidente de La Alianza Dominicana Contra la Corrupci\u00f3n (ADOCCO) califico de golpe bajo a la lucha contra la corrupci\u00f3n la designaci\u00f3n de 4 miembros de la anterior C\u00e1mara de Cuentas por el Senado de la Rep\u00fablica. Julio C\u00e9sar de la Rosa Tiburcio dijo que esos cuatro integrantes de la [&hellip;]<\/p>\n","protected":false},"author":3,"featured_media":0,"comment_status":"open","ping_status":"open","sticky":false,"template":"","format":"standard","meta":{"footnotes":""},"categories":[24],"tags":[],"class_list":["post-155200","post","type-post","status-publish","format-standard","hentry","category-justicia-y-derecho"],"_links":{"self":[{"href":"https:\/\/diariodominicano.com\/index.php?rest_route=\/wp\/v2\/posts\/155200","targetHints":{"allow":["GET"]}}],"collection":[{"href":"https:\/\/diariodominicano.com\/index.php?rest_route=\/wp\/v2\/posts"}],"about":[{"href":"https:\/\/diariodominicano.com\/index.php?rest_route=\/wp\/v2\/types\/post"}],"author":[{"embeddable":true,"href":"https:\/\/diariodominicano.com\/index.php?rest_route=\/wp\/v2\/users\/3"}],"replies":[{"embeddable":true,"href":"https:\/\/diariodominicano.com\/index.php?rest_route=%2Fwp%2Fv2%2Fcomments&post=155200"}],"version-history":[{"count":0,"href":"https:\/\/diariodominicano.com\/index.php?rest_route=\/wp\/v2\/posts\/155200\/revisions"}],"wp:attachment":[{"href":"https:\/\/diariodominicano.com\/index.php?rest_route=%2Fwp%2Fv2%2Fmedia&parent=155200"}],"wp:term":[{"taxonomy":"category","embeddable":true,"href":"https:\/\/diariodominicano.com\/index.php?rest_route=%2Fwp%2Fv2%2Fcategories&post=155200"},{"taxonomy":"post_tag","embeddable":true,"href":"https:\/\/diariodominicano.com\/index.php?rest_route=%2Fwp%2Fv2%2Ftags&post=155200"}],"curies":[{"name":"wp","href":"https:\/\/api.w.org\/{rel}","templated":true}]}}