{"id":155198,"date":"2010-12-02T20:10:26","date_gmt":"2010-12-02T20:10:26","guid":{"rendered":"http:\/\/diariodominicano.ddns.net\/?p=155198"},"modified":"2010-12-02T20:10:26","modified_gmt":"2010-12-02T20:10:26","slug":"primera-dama-encabeza-actos-dia-mundial-del-sida","status":"publish","type":"post","link":"https:\/\/diariodominicano.com\/?p=155198","title":{"rendered":"&#13;Primera Dama encabeza actos D\u00eda Mundial del SIDA"},"content":{"rendered":"<p><body><\/p>\n<p><img decoding=\"async\" src=\"img3\/primeradama.JPG\" \/>  <\/p>\n<\/p>\n<\/p>\n<\/p>\n<p><span class=\"text1noticias\">Santo Domingo,02 Dic 2010.-  La Primera Dama de la Rep\u00fablica, Margarita Cede\u00f1o de Fern\u00e1ndez, encabez\u00f3 este mi\u00e9rcoles un acto en conmemoraci\u00f3n del D\u00eda Mundial del SIDA.<\/span><\/p>\n<\/p>\n<p><span class=\"text1noticias\">La actividad fue organizada por  Consejo Presidencial del SIDA (COPRESIDA) entre otras entidades y se efectu\u00f3 en el Hotel Lina.<\/span><\/p>\n<\/p>\n<p><span class=\"text1noticias\"> Durante el acto, Cede\u00f1o de Fern\u00e1ndez manifest\u00f3 que este d\u00eda ha sido escogido para  dar una respuesta sobre los avances, los obst\u00e1culos y las realidades de la epidemia global del SIDA.<\/span><\/p>\n<\/p>\n<p><span class=\"text1noticias\">?Para m\u00ed se ha convertido en un d\u00eda de la celebraci\u00f3n de la vida, del amor, de la solidaridad, del compromiso y de la esperanza de garantizar la vida plena para todos y todas sin importar su condici\u00f3n de salud?, expres\u00f3. <\/span><\/p>\n<\/p>\n<p><span class=\"text1noticias\">Resalt\u00f3 que las personas que viven con esta enfermedad hoy d\u00eda viven mas tiempo y el numero de muertes esta descendiendo gracias a la ampliaci\u00f3n de tratamiento. El n\u00famero  de personas que lo siguen se ha multiplicado por 7.5.<\/span><\/p>\n<\/p>\n<p><span class=\"text1noticias\">A\u00f1adi\u00f3 que solo en el \u00faltimo ano accedieron al tratamiento un 30 por ciento m\u00e1s de personas respecto al 2008 y que la tasa de nuevas infecciones por VHI se ha reducido m\u00e1s de un 25 por ciento  en al menos 56 pa\u00edses entre 2001 y el 2009.<\/span><\/p>\n<\/p>\n<p><span class=\"text1noticias\">Asimismo dijo que el n\u00famero de ni\u00f1os y ni\u00f1as que nacen con esta enfermedad se han reducido en un 24 por ciento respecto a cinco a\u00f1os atr\u00e1s y en los j\u00f3venes se ha reducido 25 por ciento, pero a\u00fan 33 millones de personas viven con VHI en el mundo.<\/span><\/p>\n<\/p>\n<p><span class=\"text1noticias\">Destac\u00f3 que  el despacho ha asumido el compromiso de apoyar a copresida  educando en familia sobre el VHISIDA.<\/span><\/p>\n<\/p>\n<p><span class=\"text1noticias\">De su lado Gustavo Rojas Lara, director de COPRESIDA, dijo que en los \u00faltimos 30 a\u00f1os no ha habido ninguna enfermedad en el mundo que haya podido captar y aunar esfuerzos de solidaridad y soporte financiero como el VHI SIDA, pero as\u00ed tambi\u00e9n, no ha habido personas que padezcan  una enfermedad que hayan sido mas estigmatizadas y discriminadas como las personas que viven con VIH SIDA .<\/span><\/p>\n<\/p>\n<p><span class=\"text1noticias\">Expres\u00f3 que el pa\u00eds ha avanzado y no es el mismo de cuando empez\u00f3 la enfermedad a finales de los noventa, fruto de la acci\u00f3n de todos los actores que conforman la respuesta nacional.<\/span><\/p>\n<\/p>\n<p><span class=\"text1noticias\">Dijo que hoy 16 mil reciben tratamiento gratuito en cada una de los centros de servicios diseminados en toda la geograf\u00eda nacional y que el programa de Salud P\u00fablica y la Direcci\u00f3n de Control de Infecciones Sexual del COPRESIDA hoy existen 32 ,700 personas est\u00e1n recibiendo tratamiento.<\/span><\/p>\n<\/p>\n<p><span class=\"text1noticias\">Agreg\u00f3 que  9600 personas est\u00e1n hoy incorporados al r\u00e9gimen de la Seguridad Social y  adquirieron mejor calidad de vida y de salud, y en un a\u00f1o se habr\u00e1n incorporado mas 12 mil personas pobres en el r\u00e9gimen subsidiado.<\/span><\/p>\n<\/p>\n<p><span class=\"text1noticias\">En la actividad asistieron adem\u00e1s, el viceministro de Salud P\u00fablica, Nelson Rodr\u00edguez; la oficial en el pa\u00eds de ONUSIDA, Ana Navarro; y el director del Instituto Postal Dominicano (INPOSDOM), Modesto Guzm\u00e1n.<\/span><\/p>\n<\/p>\n<p><span class=\"text1noticias\">Tambi\u00e9n el encargado de Negocios de la Embajada de Estados Unidos, Cristopher Lambert; la directora ejecutiva del SeNaSa, Altagracia Guzm\u00e1n Marcelino; y la directora del Instituto T\u00e9cnico Profesional (INFOTEP), Josefina Pimentel, entre otros.<\/span><\/p>\n<\/p>\n<h6> 2010-12-02 20:10:26 <\/h6>\n<p><!--\n<link rel=\"stylesheet\" href=\"css\/bootstrap.min.css\">\n\n\n<ul class=\"pagination\">\n\t    \n\t\n\n<li >\n\t<a href='?page_no=30365'>Previous<\/a>\n\t<\/li>\n\n\n       \n    \n\n<li><a href='?page_no=1'>1<\/a><\/li>\n\n\n\n<li><a href='?page_no=2'>2<\/a><\/li>\n\n\n\n<li><a>...<\/a><\/li>\n\n\n\n<li><a href='?page_no=30364'>30364<\/a><\/li>\n\n\n\n<li><a href='?page_no=30365'>30365<\/a><\/li>\n\n\n\n<li class='active'><a>30366<\/a><\/li>\n\n\n\n<li><a href='?page_no=30367'>30367<\/a><\/li>\n\n\n\n<li><a href='?page_no=30368'>30368<\/a><\/li>\n\n\n\n<li><a>...<\/a><\/li>\n\n\n\n<li><a href='?page_no=31963'>31963<\/a><\/li>\n\n\n\n<li><a href='?page_no=31964'>31964<\/a><\/li>\n\n    \n\t\n\n<li >\n\t<a href='?page_no=30367'>Next<\/a>\n\t<\/li>\n\n\n    \n\n<li><a href='?page_no=31964'>Last &rsaquo;&rsaquo;<\/a><\/li>\n\n<\/ul>\n\n\n--><br \/>\n<\/body><\/p>\n","protected":false},"excerpt":{"rendered":"<p>Santo Domingo,02 Dic 2010.- La Primera Dama de la Rep\u00fablica, Margarita Cede\u00f1o de Fern\u00e1ndez, encabez\u00f3 este mi\u00e9rcoles un acto en conmemoraci\u00f3n del D\u00eda Mundial del SIDA. La actividad fue organizada por Consejo Presidencial del SIDA (COPRESIDA) entre otras entidades y se efectu\u00f3 en el Hotel Lina. Durante el acto, Cede\u00f1o de Fern\u00e1ndez manifest\u00f3 que este [&hellip;]<\/p>\n","protected":false},"author":3,"featured_media":0,"comment_status":"open","ping_status":"open","sticky":false,"template":"","format":"standard","meta":{"footnotes":""},"categories":[24],"tags":[],"class_list":["post-155198","post","type-post","status-publish","format-standard","hentry","category-justicia-y-derecho"],"_links":{"self":[{"href":"https:\/\/diariodominicano.com\/index.php?rest_route=\/wp\/v2\/posts\/155198","targetHints":{"allow":["GET"]}}],"collection":[{"href":"https:\/\/diariodominicano.com\/index.php?rest_route=\/wp\/v2\/posts"}],"about":[{"href":"https:\/\/diariodominicano.com\/index.php?rest_route=\/wp\/v2\/types\/post"}],"author":[{"embeddable":true,"href":"https:\/\/diariodominicano.com\/index.php?rest_route=\/wp\/v2\/users\/3"}],"replies":[{"embeddable":true,"href":"https:\/\/diariodominicano.com\/index.php?rest_route=%2Fwp%2Fv2%2Fcomments&post=155198"}],"version-history":[{"count":0,"href":"https:\/\/diariodominicano.com\/index.php?rest_route=\/wp\/v2\/posts\/155198\/revisions"}],"wp:attachment":[{"href":"https:\/\/diariodominicano.com\/index.php?rest_route=%2Fwp%2Fv2%2Fmedia&parent=155198"}],"wp:term":[{"taxonomy":"category","embeddable":true,"href":"https:\/\/diariodominicano.com\/index.php?rest_route=%2Fwp%2Fv2%2Fcategories&post=155198"},{"taxonomy":"post_tag","embeddable":true,"href":"https:\/\/diariodominicano.com\/index.php?rest_route=%2Fwp%2Fv2%2Ftags&post=155198"}],"curies":[{"name":"wp","href":"https:\/\/api.w.org\/{rel}","templated":true}]}}