{"id":155197,"date":"2010-12-02T20:59:11","date_gmt":"2010-12-02T20:59:11","guid":{"rendered":"http:\/\/diariodominicano.ddns.net\/?p=155197"},"modified":"2010-12-02T20:59:11","modified_gmt":"2010-12-02T20:59:11","slug":"presidente-fernandez-viaja-a-argentina-para-participar-en-cumbre","status":"publish","type":"post","link":"https:\/\/diariodominicano.com\/?p=155197","title":{"rendered":"Presidente Fern\u00e1ndez viaja a Argentina, para participar en Cumbre"},"content":{"rendered":"<p><body><\/p>\n<p><img decoding=\"async\" src=\"http:\/\/localhost:8080\/justiciayderecho\/img3\/alio.jpg\" \/>  <\/p>\n<p><span class=\"text1noticias\">Aeropuerto Las Am\u00e9ricas, 02 Dic 2010.-El presidente Leonel Fern\u00e1ndez parti\u00f3 hacia Argentina, donde participar\u00e1 en la XX Cumbre Iberoamericana de Jefes de Estado y de Gobierno, en Mar del Plata.<\/span><\/p>\n<\/p>\n<p><span class=\"text1noticias\">Fern\u00e1ndez sali\u00f3 en un vuelo privado por el Aeropuerto Internacional de las Am\u00e9ricas  en compa\u00f1\u00eda de los ministros de Educaci\u00f3n, Melanio Paredes, de Econom\u00eda, Planificaci\u00f3n y Desarrollo, Tem\u00edstocles Mont\u00e1s, el general Medina y Medina, jefe del Cuerpo de Ayudantes Militares, entre otros funcionarios.<\/span><\/p>\n<\/p>\n<p><span class=\"text1noticias\">Mientras fue despedido por el jefe de las Fuerzas Armadas, teniente general Joaqu\u00edn Virgilio P\u00e9rez Feliz, de la  Polic\u00eda Nacional, mayor general Jos\u00e9 Armando Polanco G\u00f3mez, el director del DNI, Sigfrido Pared P\u00e9rez, entre otros.<\/span><\/p>\n<\/p>\n<p><span class=\"text1noticias\">Fern\u00e1ndez tambi\u00e9n visitar\u00e1 Manaus, en Brasil y Miami, Estados Unidos.<\/span><\/p>\n<\/p>\n<h6> 2010-12-02 20:59:11 <\/h6>\n<p><!--\n<link rel=\"stylesheet\" href=\"css\/bootstrap.min.css\">\n\n\n<ul class=\"pagination\">\n\t    \n\t\n\n<li >\n\t<a href='?page_no=30364'>Previous<\/a>\n\t<\/li>\n\n\n       \n    \n\n<li><a href='?page_no=1'>1<\/a><\/li>\n\n\n\n<li><a href='?page_no=2'>2<\/a><\/li>\n\n\n\n<li><a>...<\/a><\/li>\n\n\n\n<li><a href='?page_no=30363'>30363<\/a><\/li>\n\n\n\n<li><a href='?page_no=30364'>30364<\/a><\/li>\n\n\n\n<li class='active'><a>30365<\/a><\/li>\n\n\n\n<li><a href='?page_no=30366'>30366<\/a><\/li>\n\n\n\n<li><a href='?page_no=30367'>30367<\/a><\/li>\n\n\n\n<li><a>...<\/a><\/li>\n\n\n\n<li><a href='?page_no=31963'>31963<\/a><\/li>\n\n\n\n<li><a href='?page_no=31964'>31964<\/a><\/li>\n\n    \n\t\n\n<li >\n\t<a href='?page_no=30366'>Next<\/a>\n\t<\/li>\n\n\n    \n\n<li><a href='?page_no=31964'>Last &rsaquo;&rsaquo;<\/a><\/li>\n\n<\/ul>\n\n\n--><br \/>\n<\/body><\/p>\n","protected":false},"excerpt":{"rendered":"<p>Aeropuerto Las Am\u00e9ricas, 02 Dic 2010.-El presidente Leonel Fern\u00e1ndez parti\u00f3 hacia Argentina, donde participar\u00e1 en la XX Cumbre Iberoamericana de Jefes de Estado y de Gobierno, en Mar del Plata. Fern\u00e1ndez sali\u00f3 en un vuelo privado por el Aeropuerto Internacional de las Am\u00e9ricas en compa\u00f1\u00eda de los ministros de Educaci\u00f3n, Melanio Paredes, de Econom\u00eda, Planificaci\u00f3n [&hellip;]<\/p>\n","protected":false},"author":3,"featured_media":0,"comment_status":"open","ping_status":"open","sticky":false,"template":"","format":"standard","meta":{"footnotes":""},"categories":[24],"tags":[],"class_list":["post-155197","post","type-post","status-publish","format-standard","hentry","category-justicia-y-derecho"],"_links":{"self":[{"href":"https:\/\/diariodominicano.com\/index.php?rest_route=\/wp\/v2\/posts\/155197","targetHints":{"allow":["GET"]}}],"collection":[{"href":"https:\/\/diariodominicano.com\/index.php?rest_route=\/wp\/v2\/posts"}],"about":[{"href":"https:\/\/diariodominicano.com\/index.php?rest_route=\/wp\/v2\/types\/post"}],"author":[{"embeddable":true,"href":"https:\/\/diariodominicano.com\/index.php?rest_route=\/wp\/v2\/users\/3"}],"replies":[{"embeddable":true,"href":"https:\/\/diariodominicano.com\/index.php?rest_route=%2Fwp%2Fv2%2Fcomments&post=155197"}],"version-history":[{"count":0,"href":"https:\/\/diariodominicano.com\/index.php?rest_route=\/wp\/v2\/posts\/155197\/revisions"}],"wp:attachment":[{"href":"https:\/\/diariodominicano.com\/index.php?rest_route=%2Fwp%2Fv2%2Fmedia&parent=155197"}],"wp:term":[{"taxonomy":"category","embeddable":true,"href":"https:\/\/diariodominicano.com\/index.php?rest_route=%2Fwp%2Fv2%2Fcategories&post=155197"},{"taxonomy":"post_tag","embeddable":true,"href":"https:\/\/diariodominicano.com\/index.php?rest_route=%2Fwp%2Fv2%2Ftags&post=155197"}],"curies":[{"name":"wp","href":"https:\/\/api.w.org\/{rel}","templated":true}]}}