{"id":155196,"date":"2010-12-02T21:05:49","date_gmt":"2010-12-02T21:05:49","guid":{"rendered":"http:\/\/diariodominicano.ddns.net\/?p=155196"},"modified":"2010-12-02T21:05:49","modified_gmt":"2010-12-02T21:05:49","slug":"un-nuevo-caso-de-colera-en-rd","status":"publish","type":"post","link":"https:\/\/diariodominicano.com\/?p=155196","title":{"rendered":"Un nuevo caso de c\u00f3lera en RD"},"content":{"rendered":"<p><body><\/p>\n<p><span class=\"text1noticias\">Santo Domingo, 02 Dic 2010.-El Ministerio de Salud P\u00fablica confirm\u00f3 hoy afectado de c\u00f3lera a un menor de 13 a\u00f1os de edad, con el que suman 13 los casos en el pa\u00eds.<\/span><\/p>\n<\/p>\n<p><span class=\"text1noticias\">El infante de nacionalidad haitiana que cruz\u00f3 la frontera afectado de c\u00f3lera fue ingresado en un centro asistencial de la provincia Independencia.<\/span><\/p>\n<\/p>\n<p><span class=\"text1noticias\">Bautista Rojas G\u00f3mez, ministro de Salud P\u00fablica, dijo que el paciente se encuentra estable luego de las atenciones que ha estado recibiendo por parte del personal de salud de la Rep\u00fablica Dominicana.<\/span><\/p>\n<\/p>\n<p><span class=\"text1noticias\">Dijo que afortunadamente fue encontrado en las proximidades de una canal de riego luego de haber cruzado la franja fronteriza, presentando una profusa diarrea y en evidente estado de deshidrataci\u00f3n que ameritaba asistencia m\u00e9dica inmediata.<\/span><\/p>\n<\/p>\n<p><span class=\"text1noticias\">\u00abActualmente el menor de edad ya se encuentra estable y en los pr\u00f3ximos d\u00edas ser\u00e1 dado de alta, a fin de retornarlo con sus familiares en Hait\u00ed\u00bb, expres\u00f3 el funcionario antes de partir a Puerto Plata, donde acompa\u00f1\u00f3 a la Primera Dama de la Rep\u00fablica, Margarita Cede\u00f1o de Fern\u00e1ndez, en la inauguraci\u00f3n de una moderna emergencia pedi\u00e1trica en el hospital Ricardo Limardo, de Puerto Plata.<\/span><\/p>\n<\/p>\n<p><span class=\"text1noticias\">Asegur\u00f3 que los \u00faltimos informes recibidos en horas de la tarde de este jueves, no se reportaron casos adicionales de crecimiento de la bacteria de personas sospechosas.<\/span><\/p>\n<h6> 2010-12-02 21:05:49 <\/h6>\n<p><!--\n<link rel=\"stylesheet\" href=\"css\/bootstrap.min.css\">\n\n\n<ul class=\"pagination\">\n\t    \n\t\n\n<li >\n\t<a href='?page_no=30363'>Previous<\/a>\n\t<\/li>\n\n\n       \n    \n\n<li><a href='?page_no=1'>1<\/a><\/li>\n\n\n\n<li><a href='?page_no=2'>2<\/a><\/li>\n\n\n\n<li><a>...<\/a><\/li>\n\n\n\n<li><a href='?page_no=30362'>30362<\/a><\/li>\n\n\n\n<li><a href='?page_no=30363'>30363<\/a><\/li>\n\n\n\n<li class='active'><a>30364<\/a><\/li>\n\n\n\n<li><a href='?page_no=30365'>30365<\/a><\/li>\n\n\n\n<li><a href='?page_no=30366'>30366<\/a><\/li>\n\n\n\n<li><a>...<\/a><\/li>\n\n\n\n<li><a href='?page_no=31963'>31963<\/a><\/li>\n\n\n\n<li><a href='?page_no=31964'>31964<\/a><\/li>\n\n    \n\t\n\n<li >\n\t<a href='?page_no=30365'>Next<\/a>\n\t<\/li>\n\n\n    \n\n<li><a href='?page_no=31964'>Last &rsaquo;&rsaquo;<\/a><\/li>\n\n<\/ul>\n\n\n--><br \/>\n<\/body><\/p>\n","protected":false},"excerpt":{"rendered":"<p>Santo Domingo, 02 Dic 2010.-El Ministerio de Salud P\u00fablica confirm\u00f3 hoy afectado de c\u00f3lera a un menor de 13 a\u00f1os de edad, con el que suman 13 los casos en el pa\u00eds. El infante de nacionalidad haitiana que cruz\u00f3 la frontera afectado de c\u00f3lera fue ingresado en un centro asistencial de la provincia Independencia. Bautista [&hellip;]<\/p>\n","protected":false},"author":3,"featured_media":0,"comment_status":"open","ping_status":"open","sticky":false,"template":"","format":"standard","meta":{"footnotes":""},"categories":[24],"tags":[],"class_list":["post-155196","post","type-post","status-publish","format-standard","hentry","category-justicia-y-derecho"],"_links":{"self":[{"href":"https:\/\/diariodominicano.com\/index.php?rest_route=\/wp\/v2\/posts\/155196","targetHints":{"allow":["GET"]}}],"collection":[{"href":"https:\/\/diariodominicano.com\/index.php?rest_route=\/wp\/v2\/posts"}],"about":[{"href":"https:\/\/diariodominicano.com\/index.php?rest_route=\/wp\/v2\/types\/post"}],"author":[{"embeddable":true,"href":"https:\/\/diariodominicano.com\/index.php?rest_route=\/wp\/v2\/users\/3"}],"replies":[{"embeddable":true,"href":"https:\/\/diariodominicano.com\/index.php?rest_route=%2Fwp%2Fv2%2Fcomments&post=155196"}],"version-history":[{"count":0,"href":"https:\/\/diariodominicano.com\/index.php?rest_route=\/wp\/v2\/posts\/155196\/revisions"}],"wp:attachment":[{"href":"https:\/\/diariodominicano.com\/index.php?rest_route=%2Fwp%2Fv2%2Fmedia&parent=155196"}],"wp:term":[{"taxonomy":"category","embeddable":true,"href":"https:\/\/diariodominicano.com\/index.php?rest_route=%2Fwp%2Fv2%2Fcategories&post=155196"},{"taxonomy":"post_tag","embeddable":true,"href":"https:\/\/diariodominicano.com\/index.php?rest_route=%2Fwp%2Fv2%2Ftags&post=155196"}],"curies":[{"name":"wp","href":"https:\/\/api.w.org\/{rel}","templated":true}]}}