{"id":155192,"date":"2010-12-03T14:08:43","date_gmt":"2010-12-03T14:08:43","guid":{"rendered":"http:\/\/diariodominicano.ddns.net\/?p=155192"},"modified":"2010-12-03T14:08:43","modified_gmt":"2010-12-03T14:08:43","slug":"meteorologia-dice-lluvias-debiles-se-incrementaran-y-el-friito-continuara","status":"publish","type":"post","link":"https:\/\/diariodominicano.com\/?p=155192","title":{"rendered":"Meteorolog\u00eda dice lluvias d\u00e9biles se incrementar\u00e1n y el fri\u00edto continuar\u00e1"},"content":{"rendered":"<p><body><\/p>\n<p><span class=\"text1noticias\">Santo Domingo, 3 dic 2010.- La Oficina Nacional de Meteorolog\u00eda (Onamet) informa que al caer la tarde de este viernes se registrar\u00e1 un incremento de nubes debido a la humedad que entrar\u00e1 a la Republica Dominicana por la zona norte a consecuencia de la cercan\u00eda de un sistema frontal.<\/span><\/p>\n<\/p>\n<p><span class=\"text1noticias\">La ocurrencia de lluvias d\u00e9biles se registrar\u00e1 con mayor frecuencia hacia las regiones Noreste, Este y el centro del pa\u00eds, sobre todo sobre la cordillera Septentrional extendi\u00e9ndose hacia el domingo.<\/span><\/p>\n<\/p>\n<p><span class=\"text1noticias\">La Onamet indica que las temperaturas se sentir\u00e1n m\u00e1s agradables debido a la incursi\u00f3n del aire fr\u00edo que se desplaza detr\u00e1s del frente.<\/span><\/p>\n<\/p>\n<p><span class=\"text1noticias\">En consecuencia la ocurrencia de lluvias d\u00e9biles de corta duraci\u00f3n ser\u00e1 m\u00e1s frecuente hacia las  provincias de Puerto Plata, Espaillat, Duarte, Saman\u00e1 y Hato Mayor.<\/span><\/p>\n<\/p>\n<p><span class=\"text1noticias\">Mientras que en las costas del Atl\u00e1ntico, la Onamet explica que se observ\u00f3 una leve mejor\u00eda en el oleaje pero, las condiciones ser\u00e1n moment\u00e1neas porque con la cercan\u00eda del Sistema Frontal las olas volver\u00e1n a alcanzar altura entre seis y ocho pies, siendo superior mar afuera.<\/span><\/p>\n<\/p>\n<p><span class=\"text1noticias\">Sin embargo,  en las costas del mar Caribe y la bah\u00eda  de Saman\u00e1 las condiciones estar\u00e1n estables pero, la Onamet recomienda a los operadores de peque\u00f1as embarcaciones navegar cerca de las costas, sin aventurarse mar afuera.<\/span><\/p>\n<\/p>\n<p><span class=\"text1noticias\">Los vientos del Este-Noreste oscilan entre diez y 20 nudos y el oleaje entre cinco y diez pies de altura, aumentando mar afuera.<\/span><\/p>\n<\/p>\n<p><span class=\"text1noticias\">En la bah\u00eda de Saman\u00e1  el oleaje fluct\u00faa entre cinco y seis pies de altura, aumentando mar afuera y los vientos del Este-Noreste entre diez y 20 nudos.<\/span><\/p>\n<\/p>\n<p><span class=\"text1noticias\">Mientras que, en el mar Caribe los vientos del Este-Noreste oscilan entre diez y 20 nudos y el oleaje entre cuatro y cinco pies de altura, aumentando mar afuera.<\/span><\/p>\n<h6> 2010-12-03 14:08:43 <\/h6>\n<p><!--\n<link rel=\"stylesheet\" href=\"css\/bootstrap.min.css\">\n\n\n<ul class=\"pagination\">\n\t    \n\t\n\n<li >\n\t<a href='?page_no=30359'>Previous<\/a>\n\t<\/li>\n\n\n       \n    \n\n<li><a href='?page_no=1'>1<\/a><\/li>\n\n\n\n<li><a href='?page_no=2'>2<\/a><\/li>\n\n\n\n<li><a>...<\/a><\/li>\n\n\n\n<li><a href='?page_no=30358'>30358<\/a><\/li>\n\n\n\n<li><a href='?page_no=30359'>30359<\/a><\/li>\n\n\n\n<li class='active'><a>30360<\/a><\/li>\n\n\n\n<li><a href='?page_no=30361'>30361<\/a><\/li>\n\n\n\n<li><a href='?page_no=30362'>30362<\/a><\/li>\n\n\n\n<li><a>...<\/a><\/li>\n\n\n\n<li><a href='?page_no=31963'>31963<\/a><\/li>\n\n\n\n<li><a href='?page_no=31964'>31964<\/a><\/li>\n\n    \n\t\n\n<li >\n\t<a href='?page_no=30361'>Next<\/a>\n\t<\/li>\n\n\n    \n\n<li><a href='?page_no=31964'>Last &rsaquo;&rsaquo;<\/a><\/li>\n\n<\/ul>\n\n\n--><br \/>\n<\/body><\/p>\n","protected":false},"excerpt":{"rendered":"<p>Santo Domingo, 3 dic 2010.- La Oficina Nacional de Meteorolog\u00eda (Onamet) informa que al caer la tarde de este viernes se registrar\u00e1 un incremento de nubes debido a la humedad que entrar\u00e1 a la Republica Dominicana por la zona norte a consecuencia de la cercan\u00eda de un sistema frontal. La ocurrencia de lluvias d\u00e9biles se [&hellip;]<\/p>\n","protected":false},"author":3,"featured_media":0,"comment_status":"open","ping_status":"open","sticky":false,"template":"","format":"standard","meta":{"footnotes":""},"categories":[24],"tags":[],"class_list":["post-155192","post","type-post","status-publish","format-standard","hentry","category-justicia-y-derecho"],"_links":{"self":[{"href":"https:\/\/diariodominicano.com\/index.php?rest_route=\/wp\/v2\/posts\/155192","targetHints":{"allow":["GET"]}}],"collection":[{"href":"https:\/\/diariodominicano.com\/index.php?rest_route=\/wp\/v2\/posts"}],"about":[{"href":"https:\/\/diariodominicano.com\/index.php?rest_route=\/wp\/v2\/types\/post"}],"author":[{"embeddable":true,"href":"https:\/\/diariodominicano.com\/index.php?rest_route=\/wp\/v2\/users\/3"}],"replies":[{"embeddable":true,"href":"https:\/\/diariodominicano.com\/index.php?rest_route=%2Fwp%2Fv2%2Fcomments&post=155192"}],"version-history":[{"count":0,"href":"https:\/\/diariodominicano.com\/index.php?rest_route=\/wp\/v2\/posts\/155192\/revisions"}],"wp:attachment":[{"href":"https:\/\/diariodominicano.com\/index.php?rest_route=%2Fwp%2Fv2%2Fmedia&parent=155192"}],"wp:term":[{"taxonomy":"category","embeddable":true,"href":"https:\/\/diariodominicano.com\/index.php?rest_route=%2Fwp%2Fv2%2Fcategories&post=155192"},{"taxonomy":"post_tag","embeddable":true,"href":"https:\/\/diariodominicano.com\/index.php?rest_route=%2Fwp%2Fv2%2Ftags&post=155192"}],"curies":[{"name":"wp","href":"https:\/\/api.w.org\/{rel}","templated":true}]}}