{"id":155191,"date":"2010-12-03T14:12:47","date_gmt":"2010-12-03T14:12:47","guid":{"rendered":"http:\/\/diariodominicano.ddns.net\/?p=155191"},"modified":"2010-12-03T14:12:47","modified_gmt":"2010-12-03T14:12:47","slug":"inapa-exhorta-a-sus-encargados-zonales-continuar-mantenimiento-calidad-del-agua-para-evitar-colera","status":"publish","type":"post","link":"https:\/\/diariodominicano.com\/?p=155191","title":{"rendered":"INAPA exhorta a sus encargados zonales continuar mantenimiento calidad del agua para evitar c\u00f3lera"},"content":{"rendered":"<p><body><\/p>\n<p><img decoding=\"async\" src=\"http:\/\/localhost:8080\/justiciayderecho\/img3\/MarianoGerman dir INAPA.JPG\" \/>  <\/p>\n<p><span class=\"text1noticias\">Santo Domingo, 3 dic 2010.-  El  director del Instituto Nacional de Aguas Potables y Alcantarillados (INAPA), Mariano Germ\u00e1n, inst\u00f3 a  los encargados zonales de la entidad en todo el pa\u00eds a mantener e incrementar los procesos de cloraci\u00f3n y potabilizaci\u00f3n del agua para prevenir el c\u00f3lera.<\/span><\/p>\n<\/p>\n<p><span class=\"text1noticias\">En un encuentro que sostuvo con los encargados zonales de INAPA en todo el pa\u00eds en la continuaci\u00f3n de las pol\u00edticas de orientaci\u00f3n y prevenci\u00f3n del c\u00f3lera en el pa\u00eds que desarrolla el Gobierno, Germ\u00e1n les record\u00f3 que el Presidente Leonel Fern\u00e1ndez est\u00e1 al frente de la campa\u00f1a de prevenci\u00f3n y que todas las instituciones del Estado deben estar vigilantes para evitar que el mal, que azota a Hait\u00ed, pueda afectar a los dominicanos y residentes en Rep\u00fablica Dominicana.<\/span><\/p>\n<\/p>\n<p><span class=\"text1noticias\">Se\u00f1al\u00f3 que al INAPA, como instituci\u00f3n del sector salud, le toca un papel fundamental en la tarea tit\u00e1nica que ha trazado el gobierno de establecer un cord\u00f3n sanitario que impida que el brote de la enfermedad tenga efectos da\u00f1inos para el pa\u00eds.<\/span><\/p>\n<\/p>\n<p><span class=\"text1noticias\">Manifest\u00f3 que afortunadamente los casos de c\u00f3lera que se han presentado en el pa\u00eds han sido aislados y, de inmediato, tratados adecuadamente por parte del sector salud, y la poblaci\u00f3n misma, que, resalt\u00f3 ha contribuido notablemente con el incremento de las medidas de higiene.<\/span><\/p>\n<\/p>\n<p><span class=\"text1noticias\">Afirm\u00f3 que el control de la calidad del agua que se le suministra a la poblaci\u00f3n es vital para prevenir la enfermedad y refiri\u00f3 que como instituci\u00f3n gestora del agua la familia del INAPA debe estar siempre vigilante para que el agua servida a la poblaci\u00f3n est\u00e9 apta para el consumo humano.<\/span><\/p>\n<\/p>\n<p><span class=\"text1noticias\">Dijo que la responsabilidad de los ingenieros encargados de zona es estar siempre vigilante de que el cloro que se le suministra a los acueductos sea suficiente para neutralizar cualquier efecto de la bacteria.<\/span><\/p>\n<\/p>\n<p><span class=\"text1noticias\">Se recuerda que desde octubre pasado cuando hubo la alerta sobre el c\u00f3lera en Hait\u00ed, que ya ha cobrado m\u00e1s de mil 800 v\u00edctimas, el gobierno dispuso un cord\u00f3n sanitario, en cuyo marco la Direcci\u00f3n Ejecutiva del INAPA recorri\u00f3 los distintos puntos fronterizos para verificar y supervisar la calidad del agua que suministra en esas zonas y comprob\u00f3 que la misma responde a los est\u00e1ndares establecidos a nivel internacional por los organismos sanitarios.<\/span><\/p>\n<\/p>\n<h6> 2010-12-03 14:12:47 <\/h6>\n<p><!--\n<link rel=\"stylesheet\" href=\"css\/bootstrap.min.css\">\n\n\n<ul class=\"pagination\">\n\t    \n\t\n\n<li >\n\t<a href='?page_no=30358'>Previous<\/a>\n\t<\/li>\n\n\n       \n    \n\n<li><a href='?page_no=1'>1<\/a><\/li>\n\n\n\n<li><a href='?page_no=2'>2<\/a><\/li>\n\n\n\n<li><a>...<\/a><\/li>\n\n\n\n<li><a href='?page_no=30357'>30357<\/a><\/li>\n\n\n\n<li><a href='?page_no=30358'>30358<\/a><\/li>\n\n\n\n<li class='active'><a>30359<\/a><\/li>\n\n\n\n<li><a href='?page_no=30360'>30360<\/a><\/li>\n\n\n\n<li><a href='?page_no=30361'>30361<\/a><\/li>\n\n\n\n<li><a>...<\/a><\/li>\n\n\n\n<li><a href='?page_no=31963'>31963<\/a><\/li>\n\n\n\n<li><a href='?page_no=31964'>31964<\/a><\/li>\n\n    \n\t\n\n<li >\n\t<a href='?page_no=30360'>Next<\/a>\n\t<\/li>\n\n\n    \n\n<li><a href='?page_no=31964'>Last &rsaquo;&rsaquo;<\/a><\/li>\n\n<\/ul>\n\n\n--><br \/>\n<\/body><\/p>\n","protected":false},"excerpt":{"rendered":"<p>Santo Domingo, 3 dic 2010.- El director del Instituto Nacional de Aguas Potables y Alcantarillados (INAPA), Mariano Germ\u00e1n, inst\u00f3 a los encargados zonales de la entidad en todo el pa\u00eds a mantener e incrementar los procesos de cloraci\u00f3n y potabilizaci\u00f3n del agua para prevenir el c\u00f3lera. En un encuentro que sostuvo con los encargados zonales [&hellip;]<\/p>\n","protected":false},"author":3,"featured_media":0,"comment_status":"open","ping_status":"open","sticky":false,"template":"","format":"standard","meta":{"footnotes":""},"categories":[24],"tags":[],"class_list":["post-155191","post","type-post","status-publish","format-standard","hentry","category-justicia-y-derecho"],"_links":{"self":[{"href":"https:\/\/diariodominicano.com\/index.php?rest_route=\/wp\/v2\/posts\/155191","targetHints":{"allow":["GET"]}}],"collection":[{"href":"https:\/\/diariodominicano.com\/index.php?rest_route=\/wp\/v2\/posts"}],"about":[{"href":"https:\/\/diariodominicano.com\/index.php?rest_route=\/wp\/v2\/types\/post"}],"author":[{"embeddable":true,"href":"https:\/\/diariodominicano.com\/index.php?rest_route=\/wp\/v2\/users\/3"}],"replies":[{"embeddable":true,"href":"https:\/\/diariodominicano.com\/index.php?rest_route=%2Fwp%2Fv2%2Fcomments&post=155191"}],"version-history":[{"count":0,"href":"https:\/\/diariodominicano.com\/index.php?rest_route=\/wp\/v2\/posts\/155191\/revisions"}],"wp:attachment":[{"href":"https:\/\/diariodominicano.com\/index.php?rest_route=%2Fwp%2Fv2%2Fmedia&parent=155191"}],"wp:term":[{"taxonomy":"category","embeddable":true,"href":"https:\/\/diariodominicano.com\/index.php?rest_route=%2Fwp%2Fv2%2Fcategories&post=155191"},{"taxonomy":"post_tag","embeddable":true,"href":"https:\/\/diariodominicano.com\/index.php?rest_route=%2Fwp%2Fv2%2Ftags&post=155191"}],"curies":[{"name":"wp","href":"https:\/\/api.w.org\/{rel}","templated":true}]}}