{"id":155187,"date":"2010-12-03T22:18:11","date_gmt":"2010-12-03T22:18:11","guid":{"rendered":"http:\/\/diariodominicano.ddns.net\/?p=155187"},"modified":"2010-12-03T22:18:11","modified_gmt":"2010-12-03T22:18:11","slug":"presidente-fernandez-se-reune-representantes-del-banco-mundial","status":"publish","type":"post","link":"https:\/\/diariodominicano.com\/?p=155187","title":{"rendered":"Presidente Fern\u00e1ndez se re\u00fane representantes del Banco Mundial"},"content":{"rendered":"<p><body><\/p>\n<p><img decoding=\"async\" src=\"http:\/\/localhost:8080\/justiciayderecho\/img3\/leonel y banco.jpg\" \/>  <\/p>\n<p><span class=\"text1noticias\">Mar del Plata, Argentina, 03 Dic 2010.- El presidente Leonel Fern\u00e1ndez se reuni\u00f3 aqu\u00ed la tarde este viernes con una comisi\u00f3n del Banco Mundial y de Latin American  para la regi\u00f3n del Caribe, con quienes abord\u00f3 varios programas de colaboraci\u00f3n que tienen estos organismos con la Rep\u00fablica Dominicana. <\/span><\/p>\n<\/p>\n<p><span class=\"text1noticias\">En la reuni\u00f3n estuvieron la se\u00f1ora Pamela Cox, vicepresidenta del Banco Mundial, as\u00ed como Alejandro Cede\u00f1o, vicepresidente de Latin American para la regi\u00f3n del Caribe, y el empresario Sergio A. Jellink, tambi\u00e9n miembro de la citada entidad.<\/span><\/p>\n<\/p>\n<p><span class=\"text1noticias\">Con la vicepresidenta del Banco Mundial, el mandatario dominicano pas\u00f3 revista  al respaldo  que el organismo crediticio mantiene al Presupuesto Nacional y otros proyectos que se ejecutan actualmente.<\/span><\/p>\n<\/p>\n<p><span class=\"text1noticias\">En ese sentido, recientemente el Banco Mundial inform\u00f3 que desembolsar\u00eda 150 millones de d\u00f3lares antes de que finalice el a\u00f1o 2010.<\/span><\/p>\n<\/p>\n<p><span class=\"text1noticias\">Fern\u00e1ndez trat\u00f3  adem\u00e1s con esta comisi\u00f3n la posibilidad de seguir invirtiendo en proyectos de radio comunitaria en zonas rurales. De hecho, el Despacho de la Primera Dama ya ha desarrollado algunas de estas iniciativas  en comunidades pobres.<\/span><\/p>\n<\/p>\n<p><span class=\"text1noticias\">La se\u00f1ora Cox, vicepresidenta del Banco Mundial, dijo que el organismo internacional tiene recursos disponibles para el financiamiento de cursos de adiestramiento a comunicadores sociales y profesores del \u00e1rea. <\/span><\/p>\n<\/p>\n<p><span class=\"text1noticias\">Igualmente conversaron de la posibilidad de iniciar los cursos con periodistas, profesores y otros profesionales de la comunicaci\u00f3n que laboran en el \u00e1rea de prensa de la Presidencia de la Rep\u00fablica Dominicana.<\/span><\/p>\n<\/p>\n<p><span class=\"text1noticias\">Se acord\u00f3 que estos cursos ser\u00edan aplicados m\u00e1s adelante a periodistas de poblaciones del interior.<\/span><\/p>\n<p><span class=\"text1noticias\">Tambi\u00e9n se habl\u00f3 de un pr\u00e9stamo destinado a los ayuntamientos del pa\u00eds, aunque no especific\u00f3 monto.<\/span><\/p>\n<\/p>\n<p><span class=\"text1noticias\">Junto al presidente estuvieron en la reuni\u00f3n los ministros de Econom\u00eda, Planificaci\u00f3n y Desarrollo, Juan Tem\u00edstocles Mont\u00e1s y de Educaci\u00f3n, Melanio Paredes.<\/span><\/p>\n<\/p>\n<h6> 2010-12-03 22:18:11 <\/h6>\n<p><!--\n<link rel=\"stylesheet\" href=\"css\/bootstrap.min.css\">\n\n\n<ul class=\"pagination\">\n\t    \n\t\n\n<li >\n\t<a href='?page_no=30354'>Previous<\/a>\n\t<\/li>\n\n\n       \n    \n\n<li><a href='?page_no=1'>1<\/a><\/li>\n\n\n\n<li><a href='?page_no=2'>2<\/a><\/li>\n\n\n\n<li><a>...<\/a><\/li>\n\n\n\n<li><a href='?page_no=30353'>30353<\/a><\/li>\n\n\n\n<li><a href='?page_no=30354'>30354<\/a><\/li>\n\n\n\n<li class='active'><a>30355<\/a><\/li>\n\n\n\n<li><a href='?page_no=30356'>30356<\/a><\/li>\n\n\n\n<li><a href='?page_no=30357'>30357<\/a><\/li>\n\n\n\n<li><a>...<\/a><\/li>\n\n\n\n<li><a href='?page_no=31963'>31963<\/a><\/li>\n\n\n\n<li><a href='?page_no=31964'>31964<\/a><\/li>\n\n    \n\t\n\n<li >\n\t<a href='?page_no=30356'>Next<\/a>\n\t<\/li>\n\n\n    \n\n<li><a href='?page_no=31964'>Last &rsaquo;&rsaquo;<\/a><\/li>\n\n<\/ul>\n\n\n--><br \/>\n<\/body><\/p>\n","protected":false},"excerpt":{"rendered":"<p>Mar del Plata, Argentina, 03 Dic 2010.- El presidente Leonel Fern\u00e1ndez se reuni\u00f3 aqu\u00ed la tarde este viernes con una comisi\u00f3n del Banco Mundial y de Latin American para la regi\u00f3n del Caribe, con quienes abord\u00f3 varios programas de colaboraci\u00f3n que tienen estos organismos con la Rep\u00fablica Dominicana. En la reuni\u00f3n estuvieron la se\u00f1ora Pamela [&hellip;]<\/p>\n","protected":false},"author":3,"featured_media":0,"comment_status":"open","ping_status":"open","sticky":false,"template":"","format":"standard","meta":{"footnotes":""},"categories":[24],"tags":[],"class_list":["post-155187","post","type-post","status-publish","format-standard","hentry","category-justicia-y-derecho"],"_links":{"self":[{"href":"https:\/\/diariodominicano.com\/index.php?rest_route=\/wp\/v2\/posts\/155187","targetHints":{"allow":["GET"]}}],"collection":[{"href":"https:\/\/diariodominicano.com\/index.php?rest_route=\/wp\/v2\/posts"}],"about":[{"href":"https:\/\/diariodominicano.com\/index.php?rest_route=\/wp\/v2\/types\/post"}],"author":[{"embeddable":true,"href":"https:\/\/diariodominicano.com\/index.php?rest_route=\/wp\/v2\/users\/3"}],"replies":[{"embeddable":true,"href":"https:\/\/diariodominicano.com\/index.php?rest_route=%2Fwp%2Fv2%2Fcomments&post=155187"}],"version-history":[{"count":0,"href":"https:\/\/diariodominicano.com\/index.php?rest_route=\/wp\/v2\/posts\/155187\/revisions"}],"wp:attachment":[{"href":"https:\/\/diariodominicano.com\/index.php?rest_route=%2Fwp%2Fv2%2Fmedia&parent=155187"}],"wp:term":[{"taxonomy":"category","embeddable":true,"href":"https:\/\/diariodominicano.com\/index.php?rest_route=%2Fwp%2Fv2%2Fcategories&post=155187"},{"taxonomy":"post_tag","embeddable":true,"href":"https:\/\/diariodominicano.com\/index.php?rest_route=%2Fwp%2Fv2%2Ftags&post=155187"}],"curies":[{"name":"wp","href":"https:\/\/api.w.org\/{rel}","templated":true}]}}