{"id":155186,"date":"2010-12-03T22:24:30","date_gmt":"2010-12-03T22:24:30","guid":{"rendered":"http:\/\/diariodominicano.ddns.net\/?p=155186"},"modified":"2010-12-03T22:24:30","modified_gmt":"2010-12-03T22:24:30","slug":"leonel-aboga-por-politicas-de-reduccion-de-la-pobreza","status":"publish","type":"post","link":"https:\/\/diariodominicano.com\/?p=155186","title":{"rendered":"Leonel  aboga por pol\u00edticas de reducci\u00f3n de la pobreza"},"content":{"rendered":"<p><body><\/p>\n<p><span class=\"text1noticias\">Mar del Plata (Argentina), 3 dic.- La Organizaci\u00f3n para la Cooperaci\u00f3n y el Desarrollo Econ\u00f3mico (OCDE), present\u00f3 en la ciudad argentina de Mar del Plata con motivo de la XX Cumbre Iberoamericana, un documento que se\u00f1ala que la clase media ha sido un pilar del crecimiento econ\u00f3mico de Am\u00e9rica Latina en tiempos de crisis, pero que  los gobiernos de la regi\u00f3n tienen que crear las condiciones para que esa parte de la poblaci\u00f3n no vuelva a caer en la pobreza.<\/span><\/p>\n<\/p>\n<p><span class=\"text1noticias\"> El presidente Leonel Fern\u00e1ndez, quien particip\u00f3 en la presentaci\u00f3n del informe dijo \u00abSe trata no s\u00f3lo de fomentar pol\u00edticas de reducci\u00f3n de la pobreza sino de estimular la movilidad social ascendente\u00bb, manifest\u00f3 el presidente de Rep\u00fablica Dominicana, Seg\u00fan Fern\u00e1ndez, por su heterogeneidad, la clase media latinoamericana, puede subdividirse en \u00abmedia alta, media media y media baja\u00bb, y a esas tres capas hay que dotarlas de redes de protecci\u00f3n social.<\/span><\/p>\n<\/p>\n<p><span class=\"text1noticias\">El documento de la Organizaci\u00f3n para la Cooperaci\u00f3n y el Desarrollo Econ\u00f3mico (OCDE), presentado en la ciudad argentina de Mar del Plata con motivo de la XX Cumbre Iberoamericana, se\u00f1ala que el aumento de la demanda interna, \u00abespoleada por el creciente poder adquisitivo de los hogares (&#8230;) explica en parte la resistencia de Am\u00e9rica Latina\u00bb a la crisis mundial.<\/span><\/p>\n<\/p>\n<p><span class=\"text1noticias\">El informe, titulado \u00abPerspectivas econ\u00f3micas de Am\u00e9rica Latina 2011. \u00bfEn qu\u00e9 medida es clase media Am\u00e9rica Latina?\u00bb, destaca que si para los pa\u00edses de la OCDE se pronostica un crecimiento econ\u00f3mico del 2,3% en 2011, para Latinoam\u00e9rica se espera una expansi\u00f3n del 4%, se\u00f1al\u00f3 el secretario general del organismo, \u00c1ngel Gurr\u00eda.<\/span><\/p>\n<\/p>\n<p><span class=\"text1noticias\">El funcionario se\u00f1al\u00f3 que, a diferencia de los pa\u00edses de la OCDE, en Am\u00e9rica Latina la clase media es \u00abun grupo heterog\u00e9neo\u00bb con niveles educativos y de seguridad laboral muy diferentes a los de las naciones avanzadas.<\/span><\/p>\n<\/p>\n<p><span class=\"text1noticias\">Por esa raz\u00f3n, la OCDE prefiere hablar en su informe de \u00absectores medios\u00bb de la poblaci\u00f3n en vez de \u00abclase media\u00bb para referirse a un amplio segmento que ha superado la pobreza y ha hecho crecer el consumo interno en momentos en que las exportaciones han perdido vigor, pero que al mismo tiempo sigue siendo vulnerable a los problemas econ\u00f3micos y sociales.<\/span><\/p>\n<\/p>\n<p><span class=\"text1noticias\">Son sectores que, a pesar de su pujanza econ\u00f3mica est\u00e1n todav\u00eda m\u00e1s cerca de los \u00abdesfavorecidos\u00bb que de los \u00abacomodados\u00bb, seg\u00fan Gurr\u00eda.<\/span><\/p>\n<\/p>\n<p><span class=\"text1noticias\">En ese sentido, la OCDE considera que los \u00absectores medios\u00bb tienen que ser consolidados no s\u00f3lo para que sigan aportando al crecimiento econ\u00f3mico, sino para evitar que caigan en un retroceso social.<\/span><\/p>\n<\/p>\n<p><span class=\"text1noticias\">\u00abEn algunos pa\u00edses, una movilidad social descendente representa una amenaza real para aquellos que han entrado en los sectores medios\u00bb, manifest\u00f3 Gurr\u00eda, quien llam\u00f3 la atenci\u00f3n para el hecho de que, por ejemplo, de los 72 millones de trabajadores del \u00absector medio\u00bb existentes en Bolivia, Brasil, Chile y M\u00e9xico, m\u00e1s de la mitad est\u00e1 en la informalidad.<\/span><\/p>\n<\/p>\n<p><span class=\"text1noticias\">Gurr\u00eda se\u00f1al\u00f3 adem\u00e1s que la cobertura del sistema de pensiones es muy baja en la regi\u00f3n, hasta el punto de que el 39% de los trabajadores de la clase media chilena est\u00e1 fuera del mismo. Los indicadores son peores en pa\u00edses como Brasil, donde el 52% no tiene ese beneficio, o en M\u00e9xico y Bolivia, donde esa carencia llega al 67 y al 95% respectivamente.<\/span><\/p>\n<\/p>\n<p><span class=\"text1noticias\">Para evitar que las conquistas sociales y econ\u00f3micas de los \u00faltimos a\u00f1os se pierdan, el documento recomienda que los gobiernos tomen acciones que protejan a la gente de la movilidad social descendente, tales como mejoras en la educaci\u00f3n y en los servicios p\u00fablicos.<\/span><\/p>\n<\/p>\n<p><span class=\"text1noticias\">En el acto tambi\u00e9n intervino la secretaria de Estado de Cooperaci\u00f3n de Espa\u00f1a, Soraya Rodr\u00edguez, quien incidi\u00f3 en la necesidad de que crear redes de protecci\u00f3n social, de fomentar m\u00e1s inversiones en educaci\u00f3n y de evitar la posibilidad de retrocesos por la crisis econ\u00f3mica.<\/span><\/p>\n<\/p>\n<p><span class=\"text1noticias\">\u00abEs fundamental evitar que estos sectores vuelvan a traspasar la l\u00ednea de abajo y caigan en la trampa terrible de la pobreza\u00bb, expres\u00f3 Rodr\u00edguez.<\/span><\/p>\n<\/p>\n<p><span class=\"text1noticias\">Por su parte, el secretario general iberoamericano, Enrique Iglesias, se\u00f1al\u00f3 que Am\u00e9rica Latina tiene que tener \u00abcuidado con la auto complacencia\u00bb, pues a pesar de que vive un momento especial de bonanza, en la regi\u00f3n sigue habiendo pobreza, mala distribuci\u00f3n de la renta, falta de productividad y deficiencias en la educaci\u00f3n. <\/span><\/p>\n<h6> 2010-12-03 22:24:30 <\/h6>\n<p><!--\n<link rel=\"stylesheet\" href=\"css\/bootstrap.min.css\">\n\n\n<ul class=\"pagination\">\n\t    \n\t\n\n<li >\n\t<a href='?page_no=30353'>Previous<\/a>\n\t<\/li>\n\n\n       \n    \n\n<li><a href='?page_no=1'>1<\/a><\/li>\n\n\n\n<li><a href='?page_no=2'>2<\/a><\/li>\n\n\n\n<li><a>...<\/a><\/li>\n\n\n\n<li><a href='?page_no=30352'>30352<\/a><\/li>\n\n\n\n<li><a href='?page_no=30353'>30353<\/a><\/li>\n\n\n\n<li class='active'><a>30354<\/a><\/li>\n\n\n\n<li><a href='?page_no=30355'>30355<\/a><\/li>\n\n\n\n<li><a href='?page_no=30356'>30356<\/a><\/li>\n\n\n\n<li><a>...<\/a><\/li>\n\n\n\n<li><a href='?page_no=31963'>31963<\/a><\/li>\n\n\n\n<li><a href='?page_no=31964'>31964<\/a><\/li>\n\n    \n\t\n\n<li >\n\t<a href='?page_no=30355'>Next<\/a>\n\t<\/li>\n\n\n    \n\n<li><a href='?page_no=31964'>Last &rsaquo;&rsaquo;<\/a><\/li>\n\n<\/ul>\n\n\n--><br \/>\n<\/body><\/p>\n","protected":false},"excerpt":{"rendered":"<p>Mar del Plata (Argentina), 3 dic.- La Organizaci\u00f3n para la Cooperaci\u00f3n y el Desarrollo Econ\u00f3mico (OCDE), present\u00f3 en la ciudad argentina de Mar del Plata con motivo de la XX Cumbre Iberoamericana, un documento que se\u00f1ala que la clase media ha sido un pilar del crecimiento econ\u00f3mico de Am\u00e9rica Latina en tiempos de crisis, pero [&hellip;]<\/p>\n","protected":false},"author":3,"featured_media":0,"comment_status":"open","ping_status":"open","sticky":false,"template":"","format":"standard","meta":{"footnotes":""},"categories":[24],"tags":[],"class_list":["post-155186","post","type-post","status-publish","format-standard","hentry","category-justicia-y-derecho"],"_links":{"self":[{"href":"https:\/\/diariodominicano.com\/index.php?rest_route=\/wp\/v2\/posts\/155186","targetHints":{"allow":["GET"]}}],"collection":[{"href":"https:\/\/diariodominicano.com\/index.php?rest_route=\/wp\/v2\/posts"}],"about":[{"href":"https:\/\/diariodominicano.com\/index.php?rest_route=\/wp\/v2\/types\/post"}],"author":[{"embeddable":true,"href":"https:\/\/diariodominicano.com\/index.php?rest_route=\/wp\/v2\/users\/3"}],"replies":[{"embeddable":true,"href":"https:\/\/diariodominicano.com\/index.php?rest_route=%2Fwp%2Fv2%2Fcomments&post=155186"}],"version-history":[{"count":0,"href":"https:\/\/diariodominicano.com\/index.php?rest_route=\/wp\/v2\/posts\/155186\/revisions"}],"wp:attachment":[{"href":"https:\/\/diariodominicano.com\/index.php?rest_route=%2Fwp%2Fv2%2Fmedia&parent=155186"}],"wp:term":[{"taxonomy":"category","embeddable":true,"href":"https:\/\/diariodominicano.com\/index.php?rest_route=%2Fwp%2Fv2%2Fcategories&post=155186"},{"taxonomy":"post_tag","embeddable":true,"href":"https:\/\/diariodominicano.com\/index.php?rest_route=%2Fwp%2Fv2%2Ftags&post=155186"}],"curies":[{"name":"wp","href":"https:\/\/api.w.org\/{rel}","templated":true}]}}