{"id":155185,"date":"2010-12-03T22:32:12","date_gmt":"2010-12-03T22:32:12","guid":{"rendered":"http:\/\/diariodominicano.ddns.net\/?p=155185"},"modified":"2010-12-03T22:32:12","modified_gmt":"2010-12-03T22:32:12","slug":"declaran-alerta-verde-para-embarcaciones-en-costa-atlantica","status":"publish","type":"post","link":"https:\/\/diariodominicano.com\/?p=155185","title":{"rendered":"Declaran alerta verde para embarcaciones en costa atl\u00e1ntica"},"content":{"rendered":"<p><body><\/p>\n<\/p>\n<p><span class=\"text1noticias\">Santo Domingo, 3 dic.- El Centro de Operaciones de Emergencia (COE) de la Rep\u00fablica Dominicana declar\u00f3 hoy la situaci\u00f3n de alerta verde para embarcaciones en la costa atl\u00e1ntica del pa\u00eds, debido al oleaje anormal que se prev\u00e9 en esa zona.<\/span><\/p>\n<p><span class=\"text1noticias\"> <\/span><\/p>\n<p><span class=\"text1noticias\">En un comunicado, el COE indic\u00f3 que, seg\u00fan la Oficina Nacional de Meteorolog\u00eda (ONAMET) las condiciones mar\u00edtimas en la costa norte y en la bah\u00eda de Saman\u00e1 son anormales, con oleajes entre 8 y 10 pies (entre 2,4 y 10 metros) y mayores mar afuera, lo que podr\u00eda provocar accidentes mar\u00edtimos.<\/span><\/p>\n<\/p>\n<p><span class=\"text1noticias\">La alerta afecta a los usuarios de embarcaciones peque\u00f1as o fr\u00e1giles que operan en la costa atl\u00e1ntica, que deben permanecer en puerto.<\/span><\/p>\n<\/p>\n<p><span class=\"text1noticias\">En la bah\u00eda de Saman\u00e1 y en la costa caribe\u00f1a las embarcaciones pueden realizar sus operaciones en el per\u00edmetro costero, sin aventurarse mar afuera, a\u00f1ade la nota.<\/span><\/p>\n<\/p>\n<h6> 2010-12-03 22:32:12 <\/h6>\n<p><!--\n<link rel=\"stylesheet\" href=\"css\/bootstrap.min.css\">\n\n\n<ul class=\"pagination\">\n\t    \n\t\n\n<li >\n\t<a href='?page_no=30352'>Previous<\/a>\n\t<\/li>\n\n\n       \n    \n\n<li><a href='?page_no=1'>1<\/a><\/li>\n\n\n\n<li><a href='?page_no=2'>2<\/a><\/li>\n\n\n\n<li><a>...<\/a><\/li>\n\n\n\n<li><a href='?page_no=30351'>30351<\/a><\/li>\n\n\n\n<li><a href='?page_no=30352'>30352<\/a><\/li>\n\n\n\n<li class='active'><a>30353<\/a><\/li>\n\n\n\n<li><a href='?page_no=30354'>30354<\/a><\/li>\n\n\n\n<li><a href='?page_no=30355'>30355<\/a><\/li>\n\n\n\n<li><a>...<\/a><\/li>\n\n\n\n<li><a href='?page_no=31963'>31963<\/a><\/li>\n\n\n\n<li><a href='?page_no=31964'>31964<\/a><\/li>\n\n    \n\t\n\n<li >\n\t<a href='?page_no=30354'>Next<\/a>\n\t<\/li>\n\n\n    \n\n<li><a href='?page_no=31964'>Last &rsaquo;&rsaquo;<\/a><\/li>\n\n<\/ul>\n\n\n--><br \/>\n<\/body><\/p>\n","protected":false},"excerpt":{"rendered":"<p>Santo Domingo, 3 dic.- El Centro de Operaciones de Emergencia (COE) de la Rep\u00fablica Dominicana declar\u00f3 hoy la situaci\u00f3n de alerta verde para embarcaciones en la costa atl\u00e1ntica del pa\u00eds, debido al oleaje anormal que se prev\u00e9 en esa zona. En un comunicado, el COE indic\u00f3 que, seg\u00fan la Oficina Nacional de Meteorolog\u00eda (ONAMET) las [&hellip;]<\/p>\n","protected":false},"author":3,"featured_media":0,"comment_status":"open","ping_status":"open","sticky":false,"template":"","format":"standard","meta":{"footnotes":""},"categories":[24],"tags":[],"class_list":["post-155185","post","type-post","status-publish","format-standard","hentry","category-justicia-y-derecho"],"_links":{"self":[{"href":"https:\/\/diariodominicano.com\/index.php?rest_route=\/wp\/v2\/posts\/155185","targetHints":{"allow":["GET"]}}],"collection":[{"href":"https:\/\/diariodominicano.com\/index.php?rest_route=\/wp\/v2\/posts"}],"about":[{"href":"https:\/\/diariodominicano.com\/index.php?rest_route=\/wp\/v2\/types\/post"}],"author":[{"embeddable":true,"href":"https:\/\/diariodominicano.com\/index.php?rest_route=\/wp\/v2\/users\/3"}],"replies":[{"embeddable":true,"href":"https:\/\/diariodominicano.com\/index.php?rest_route=%2Fwp%2Fv2%2Fcomments&post=155185"}],"version-history":[{"count":0,"href":"https:\/\/diariodominicano.com\/index.php?rest_route=\/wp\/v2\/posts\/155185\/revisions"}],"wp:attachment":[{"href":"https:\/\/diariodominicano.com\/index.php?rest_route=%2Fwp%2Fv2%2Fmedia&parent=155185"}],"wp:term":[{"taxonomy":"category","embeddable":true,"href":"https:\/\/diariodominicano.com\/index.php?rest_route=%2Fwp%2Fv2%2Fcategories&post=155185"},{"taxonomy":"post_tag","embeddable":true,"href":"https:\/\/diariodominicano.com\/index.php?rest_route=%2Fwp%2Fv2%2Ftags&post=155185"}],"curies":[{"name":"wp","href":"https:\/\/api.w.org\/{rel}","templated":true}]}}