{"id":155182,"date":"2010-12-05T03:26:14","date_gmt":"2010-12-05T03:26:14","guid":{"rendered":"http:\/\/diariodominicano.ddns.net\/?p=155182"},"modified":"2010-12-05T03:26:14","modified_gmt":"2010-12-05T03:26:14","slug":"china-no-se-compromete-en-cuestiones-de-principios-senala-jefe-negociador","status":"publish","type":"post","link":"https:\/\/diariodominicano.com\/?p=155182","title":{"rendered":"China no se compromete en cuestiones de principios, se\u00f1ala jefe negociador"},"content":{"rendered":"<p><body><\/p>\n<\/p>\n<p><span class=\"text1noticias\">   Canc\u00fan, M\u00e9xico, 4 dic (Xinhua) &#8212; China no se comprometer\u00e1 en asuntos de principios en la actual conferencia de la ONU sobre el cambio clim\u00e1tico que tiene lugar en Canc\u00fan, M\u00e9xico, coment\u00f3 hoy el jefe negociador chino. <\/span><\/p>\n<p><span class=\"text1noticias\">   Su Wei, el jefe negociador chino y jefe del departamento de cambio clim\u00e1tico de la Comisi\u00f3n Nacional de Desarrollo y Reforma de China, hizo el comentario en respuesta al llamado de algunos participantes para \u00abcomprometerse a hacer progresos\u00bb. <\/span><\/p>\n<p><span class=\"text1noticias\">   \u00abTodas las partes quieren alcanzar progreso sustancial en la conferencia de Canc\u00fan, lo cual puede tender una s\u00f3lida base para la conclusi\u00f3n de negociaciones del &#8216;Mapa de Ruta de Bali'\u00bb, dijo Su a la agencia de noticias Xinhua en una entrevista exclusiva. <\/span><\/p>\n<p><span class=\"text1noticias\">   \u00abCreo que podemos cooperar con otros actores e incluso hacer compromisos sobre algunas cuestiones que no sean de principio, pero no nos comprometeremos en asuntos de principios, como lo referente a la continuaci\u00f3n del Protocolo de Kyoto, que es la base para un paquete de acuerdos que se har\u00e1n en Canc\u00fan\u00bb, declar\u00f3 Su. <\/span><\/p>\n<p><span class=\"text1noticias\">   El negociador subray\u00f3 que los pa\u00edses en desarrollo han alcanzado consenso sobre cuestiones de principios. \u00abMantenemos la solidaridad y tratamos de desempe\u00f1ar un papel constructivo\u00bb, agreg\u00f3. <\/span><\/p>\n<p><span class=\"text1noticias\">   Su mencion\u00f3 que la oposici\u00f3n de algunos pa\u00edses hacia el Protocolo de Kyoto no es una buena noticia para los pa\u00edses en desarrollo, y que eso ha ejercido una negativa influencia en la conferencia. <\/span><\/p>\n<p><span class=\"text1noticias\">   Los negociadores en la conferencia de Canc\u00fan est\u00e1n tratando de establecer un sustituto del Protocolo de Kyoto, el cual obliga a las naciones ricas excepto los Estados Unidos a reducir sus emisiones de gas invernadero en un promedio de 5,2 por ciento por debajo de los niveles de 1990 en el per\u00edodo 2008-2012. <\/span><\/p>\n<p><span class=\"text1noticias\">   \u00abAl final de la primera semana de la conferencia de Canc\u00fan, hay ciertos progresos en las materias de adaptaci\u00f3n, finanzas, tecnolog\u00eda y mitigaci\u00f3n para los pa\u00edses en desarrollo, pero es dif\u00edcil decir si esos progresos son finales\u00bb, observ\u00f3 Su. <\/span><\/p>\n<p><span class=\"text1noticias\">   Respecto a los rumores acerca de un texto mexicano secreto, Su dijo que el presidente de la COP16 ha se\u00f1alado a las delegaciones de cada pa\u00eds, incluyendo la de China, que M\u00e9xico no presentar\u00e1 un texto secreto. <\/span><\/p>\n<p><span class=\"text1noticias\">   \u00abHasta donde s\u00e9, M\u00e9xico, el pa\u00eds anfitri\u00f3n de la COP16, siempre ha mantenido los principios de &#8216;participaci\u00f3n abierta, transparente y amplia&#8217; para las negociaciones sobre el clima de este a\u00f1o.  Considero que M\u00e9xico continuar\u00e1 adherido a la intenci\u00f3n fundamental de obtener resultados equilibrados en la conferencia de Canc\u00fan\u00bb, coment\u00f3. <\/span><\/p>\n<p><span class=\"text1noticias\">   Su indic\u00f3 que los ministros del ramo llegar\u00e1n a Canc\u00fan en la segunda semana de la conferencia. Expres\u00f3 su esperanza de que los ministros puedan desempe\u00f1ar un papel activo promoviendo el progreso de la conferencia. <\/span><\/p>\n<p><span class=\"text1noticias\">   La delegaci\u00f3n del gobierno chino est\u00e1 cooperando en Canc\u00fan con otros participantes para la b\u00fasqueda de una soluci\u00f3n al calentamiento global. <\/span><\/p>\n<p><span class=\"text1noticias\">   Las conversaciones de Canc\u00fan, que se desarrollan entre el 29 de noviembre y el 10 de diciembre en curso, est\u00e1n destinadas a encontrar soluciones para el reto que representa el cambio clim\u00e1tico global. El evento ha atra\u00eddo a alrededor de 25.000 participantes enviados por gobiernos, empresas, organizaciones no gubernamentales e instituciones de investigaci\u00f3n de cerca de 200 pa\u00edses.  <\/span><\/p>\n<\/p>\n<\/p>\n<h6> 2010-12-05 03:26:14 <\/h6>\n<p><!--\n<link rel=\"stylesheet\" href=\"css\/bootstrap.min.css\">\n\n\n<ul class=\"pagination\">\n\t    \n\t\n\n<li >\n\t<a href='?page_no=30349'>Previous<\/a>\n\t<\/li>\n\n\n       \n    \n\n<li><a href='?page_no=1'>1<\/a><\/li>\n\n\n\n<li><a href='?page_no=2'>2<\/a><\/li>\n\n\n\n<li><a>...<\/a><\/li>\n\n\n\n<li><a href='?page_no=30348'>30348<\/a><\/li>\n\n\n\n<li><a href='?page_no=30349'>30349<\/a><\/li>\n\n\n\n<li class='active'><a>30350<\/a><\/li>\n\n\n\n<li><a href='?page_no=30351'>30351<\/a><\/li>\n\n\n\n<li><a href='?page_no=30352'>30352<\/a><\/li>\n\n\n\n<li><a>...<\/a><\/li>\n\n\n\n<li><a href='?page_no=31963'>31963<\/a><\/li>\n\n\n\n<li><a href='?page_no=31964'>31964<\/a><\/li>\n\n    \n\t\n\n<li >\n\t<a href='?page_no=30351'>Next<\/a>\n\t<\/li>\n\n\n    \n\n<li><a href='?page_no=31964'>Last &rsaquo;&rsaquo;<\/a><\/li>\n\n<\/ul>\n\n\n--><br \/>\n<\/body><\/p>\n","protected":false},"excerpt":{"rendered":"<p>Canc\u00fan, M\u00e9xico, 4 dic (Xinhua) &#8212; China no se comprometer\u00e1 en asuntos de principios en la actual conferencia de la ONU sobre el cambio clim\u00e1tico que tiene lugar en Canc\u00fan, M\u00e9xico, coment\u00f3 hoy el jefe negociador chino. Su Wei, el jefe negociador chino y jefe del departamento de cambio clim\u00e1tico de la Comisi\u00f3n Nacional de [&hellip;]<\/p>\n","protected":false},"author":3,"featured_media":0,"comment_status":"open","ping_status":"open","sticky":false,"template":"","format":"standard","meta":{"footnotes":""},"categories":[24],"tags":[],"class_list":["post-155182","post","type-post","status-publish","format-standard","hentry","category-justicia-y-derecho"],"_links":{"self":[{"href":"https:\/\/diariodominicano.com\/index.php?rest_route=\/wp\/v2\/posts\/155182","targetHints":{"allow":["GET"]}}],"collection":[{"href":"https:\/\/diariodominicano.com\/index.php?rest_route=\/wp\/v2\/posts"}],"about":[{"href":"https:\/\/diariodominicano.com\/index.php?rest_route=\/wp\/v2\/types\/post"}],"author":[{"embeddable":true,"href":"https:\/\/diariodominicano.com\/index.php?rest_route=\/wp\/v2\/users\/3"}],"replies":[{"embeddable":true,"href":"https:\/\/diariodominicano.com\/index.php?rest_route=%2Fwp%2Fv2%2Fcomments&post=155182"}],"version-history":[{"count":0,"href":"https:\/\/diariodominicano.com\/index.php?rest_route=\/wp\/v2\/posts\/155182\/revisions"}],"wp:attachment":[{"href":"https:\/\/diariodominicano.com\/index.php?rest_route=%2Fwp%2Fv2%2Fmedia&parent=155182"}],"wp:term":[{"taxonomy":"category","embeddable":true,"href":"https:\/\/diariodominicano.com\/index.php?rest_route=%2Fwp%2Fv2%2Fcategories&post=155182"},{"taxonomy":"post_tag","embeddable":true,"href":"https:\/\/diariodominicano.com\/index.php?rest_route=%2Fwp%2Fv2%2Ftags&post=155182"}],"curies":[{"name":"wp","href":"https:\/\/api.w.org\/{rel}","templated":true}]}}