{"id":155180,"date":"2010-12-06T13:59:02","date_gmt":"2010-12-06T13:59:02","guid":{"rendered":"http:\/\/diariodominicano.ddns.net\/?p=155180"},"modified":"2010-12-06T13:59:02","modified_gmt":"2010-12-06T13:59:02","slug":"pro-consumidor-anuncia-campana-de-prevencion-del-colera","status":"publish","type":"post","link":"https:\/\/diariodominicano.com\/?p=155180","title":{"rendered":"Pro Consumidor anuncia campa\u00f1a de prevenci\u00f3n del c\u00f3lera"},"content":{"rendered":"<p><body><\/p>\n<p><span class=\"text1noticias\">Santo Domingo, 6 dic 2010.- El Instituto de Defensa a los Derechos del Consumidor- Pro Consumidor- anunci\u00f3 la campa\u00f1a \u00abNo Consuma Alimentos Callejeros\u00bb, la cual lleva como objetivo concienciar a la poblaci\u00f3n, de qu\u00e9 evit\u00e1ndolo se previene la expansi\u00f3n  del c\u00f3lera.<\/span><\/p>\n<\/p>\n<p><span class=\"text1noticias\">Altagracia Paulino, directora de la instituci\u00f3n dijo que en otros pa\u00edses existe una norma que regula los alimentos que se venden en las calles, la cual no se ha podido implementar en este pa\u00eds por el nivel de pobreza que existe.<\/span><\/p>\n<\/p>\n<p><span class=\"text1noticias\">Dijo que adem\u00e1s de esta campa\u00f1a,  colaboradores de su instituci\u00f3n estar\u00e1n en las calles previniendo a la poblaci\u00f3n sobre el manejo de su presupuesto en el mes de diciembre, con la campa\u00f1a denominada Cuida Tu Bolsillo.<\/span><\/p>\n<\/p>\n<h6> 2010-12-06 13:59:02 <\/h6>\n<p><!--\n<link rel=\"stylesheet\" href=\"css\/bootstrap.min.css\">\n\n\n<ul class=\"pagination\">\n\t    \n\t\n\n<li >\n\t<a href='?page_no=30347'>Previous<\/a>\n\t<\/li>\n\n\n       \n    \n\n<li><a href='?page_no=1'>1<\/a><\/li>\n\n\n\n<li><a href='?page_no=2'>2<\/a><\/li>\n\n\n\n<li><a>...<\/a><\/li>\n\n\n\n<li><a href='?page_no=30346'>30346<\/a><\/li>\n\n\n\n<li><a href='?page_no=30347'>30347<\/a><\/li>\n\n\n\n<li class='active'><a>30348<\/a><\/li>\n\n\n\n<li><a href='?page_no=30349'>30349<\/a><\/li>\n\n\n\n<li><a href='?page_no=30350'>30350<\/a><\/li>\n\n\n\n<li><a>...<\/a><\/li>\n\n\n\n<li><a href='?page_no=31963'>31963<\/a><\/li>\n\n\n\n<li><a href='?page_no=31964'>31964<\/a><\/li>\n\n    \n\t\n\n<li >\n\t<a href='?page_no=30349'>Next<\/a>\n\t<\/li>\n\n\n    \n\n<li><a href='?page_no=31964'>Last &rsaquo;&rsaquo;<\/a><\/li>\n\n<\/ul>\n\n\n--><br \/>\n<\/body><\/p>\n","protected":false},"excerpt":{"rendered":"<p>Santo Domingo, 6 dic 2010.- El Instituto de Defensa a los Derechos del Consumidor- Pro Consumidor- anunci\u00f3 la campa\u00f1a \u00abNo Consuma Alimentos Callejeros\u00bb, la cual lleva como objetivo concienciar a la poblaci\u00f3n, de qu\u00e9 evit\u00e1ndolo se previene la expansi\u00f3n del c\u00f3lera. Altagracia Paulino, directora de la instituci\u00f3n dijo que en otros pa\u00edses existe una norma [&hellip;]<\/p>\n","protected":false},"author":3,"featured_media":0,"comment_status":"open","ping_status":"open","sticky":false,"template":"","format":"standard","meta":{"footnotes":""},"categories":[24],"tags":[],"class_list":["post-155180","post","type-post","status-publish","format-standard","hentry","category-justicia-y-derecho"],"_links":{"self":[{"href":"https:\/\/diariodominicano.com\/index.php?rest_route=\/wp\/v2\/posts\/155180","targetHints":{"allow":["GET"]}}],"collection":[{"href":"https:\/\/diariodominicano.com\/index.php?rest_route=\/wp\/v2\/posts"}],"about":[{"href":"https:\/\/diariodominicano.com\/index.php?rest_route=\/wp\/v2\/types\/post"}],"author":[{"embeddable":true,"href":"https:\/\/diariodominicano.com\/index.php?rest_route=\/wp\/v2\/users\/3"}],"replies":[{"embeddable":true,"href":"https:\/\/diariodominicano.com\/index.php?rest_route=%2Fwp%2Fv2%2Fcomments&post=155180"}],"version-history":[{"count":0,"href":"https:\/\/diariodominicano.com\/index.php?rest_route=\/wp\/v2\/posts\/155180\/revisions"}],"wp:attachment":[{"href":"https:\/\/diariodominicano.com\/index.php?rest_route=%2Fwp%2Fv2%2Fmedia&parent=155180"}],"wp:term":[{"taxonomy":"category","embeddable":true,"href":"https:\/\/diariodominicano.com\/index.php?rest_route=%2Fwp%2Fv2%2Fcategories&post=155180"},{"taxonomy":"post_tag","embeddable":true,"href":"https:\/\/diariodominicano.com\/index.php?rest_route=%2Fwp%2Fv2%2Ftags&post=155180"}],"curies":[{"name":"wp","href":"https:\/\/api.w.org\/{rel}","templated":true}]}}