{"id":155179,"date":"2010-12-06T14:06:07","date_gmt":"2010-12-06T14:06:07","guid":{"rendered":"http:\/\/diariodominicano.ddns.net\/?p=155179"},"modified":"2010-12-06T14:06:07","modified_gmt":"2010-12-06T14:06:07","slug":"ministro-de-salud-afirma-afectados-por-colera-no-han-sufrido-complicaciones-despues-del-alta-medica","status":"publish","type":"post","link":"https:\/\/diariodominicano.com\/?p=155179","title":{"rendered":"Ministro de Salud afirma afectados por c\u00f3lera no han sufrido complicaciones despu\u00e9s del alta m\u00e9dica"},"content":{"rendered":"<p><body><\/p>\n<p><img decoding=\"async\" src=\"http:\/\/localhost:8080\/justiciayderecho\/img3\/Bautista Rojas Gomez 612.jpg\" \/>  <\/p>\n<p><span class=\"text1noticias\">Santo Domingo, 6 dic 2010.- El Ministro de Salud P\u00fablica, Bautista Rojas G\u00f3mez, dijo  que ninguna de las personas que se han detectado con c\u00f3lera no han sufrido complicaciones despu\u00e9s del alta m\u00e9dica.<\/span><\/p>\n<\/p>\n<p><span class=\"text1noticias\">Dijo que de acuerdo al seguimiento que se le da todos los pacientes que han sido enviados a sus casas se encuentran bien y fuera de peligro.<\/span><\/p>\n<\/p>\n<p><span class=\"text1noticias\">Reiter\u00f3 que en este mes de diciembre ning\u00fan personal  de salud coger\u00e1 vacaciones porque se va a estar trabajando permanentemente en la vigilancia y control de la enfermedad.<\/span><\/p>\n<\/p>\n<p><span class=\"text1noticias\">Explic\u00f3 que para la tercera y cuarta semana de diciembre se convocar\u00e1 a  todo el personal involucrado en las labores de prevenci\u00f3n para evaluar lo que se ha hecho hasta ahora y reforzar las acciones de vigilancia.<\/span><\/p>\n<\/p>\n<p><span class=\"text1noticias\">Rojas G\u00f3mez sostuvo que no se han detectados m\u00e1s casos de c\u00f3lera en las \u00faltimas horas y que la cifra se mantiene en 16. Sin embargo, explic\u00f3 que eval\u00faan las muestras de varios casos sospechosos. <\/span><\/p>\n<\/p>\n<p><span class=\"text1noticias\">Exhorta a la poblaci\u00f3n a no disminuir las medidas de prevenci\u00f3n, ya que en esta \u00e9poca de navidad la gente se descuida, pero que deben seguir implementando los mecanismos de higiene para evitar contagiarse con la enfermedad.<\/span><\/p>\n<h6> 2010-12-06 14:06:07 <\/h6>\n<p><!--\n<link rel=\"stylesheet\" href=\"css\/bootstrap.min.css\">\n\n\n<ul class=\"pagination\">\n\t    \n\t\n\n<li >\n\t<a href='?page_no=30346'>Previous<\/a>\n\t<\/li>\n\n\n       \n    \n\n<li><a href='?page_no=1'>1<\/a><\/li>\n\n\n\n<li><a href='?page_no=2'>2<\/a><\/li>\n\n\n\n<li><a>...<\/a><\/li>\n\n\n\n<li><a href='?page_no=30345'>30345<\/a><\/li>\n\n\n\n<li><a href='?page_no=30346'>30346<\/a><\/li>\n\n\n\n<li class='active'><a>30347<\/a><\/li>\n\n\n\n<li><a href='?page_no=30348'>30348<\/a><\/li>\n\n\n\n<li><a href='?page_no=30349'>30349<\/a><\/li>\n\n\n\n<li><a>...<\/a><\/li>\n\n\n\n<li><a href='?page_no=31963'>31963<\/a><\/li>\n\n\n\n<li><a href='?page_no=31964'>31964<\/a><\/li>\n\n    \n\t\n\n<li >\n\t<a href='?page_no=30348'>Next<\/a>\n\t<\/li>\n\n\n    \n\n<li><a href='?page_no=31964'>Last &rsaquo;&rsaquo;<\/a><\/li>\n\n<\/ul>\n\n\n--><br \/>\n<\/body><\/p>\n","protected":false},"excerpt":{"rendered":"<p>Santo Domingo, 6 dic 2010.- El Ministro de Salud P\u00fablica, Bautista Rojas G\u00f3mez, dijo que ninguna de las personas que se han detectado con c\u00f3lera no han sufrido complicaciones despu\u00e9s del alta m\u00e9dica. Dijo que de acuerdo al seguimiento que se le da todos los pacientes que han sido enviados a sus casas se encuentran [&hellip;]<\/p>\n","protected":false},"author":3,"featured_media":0,"comment_status":"open","ping_status":"open","sticky":false,"template":"","format":"standard","meta":{"footnotes":""},"categories":[24],"tags":[],"class_list":["post-155179","post","type-post","status-publish","format-standard","hentry","category-justicia-y-derecho"],"_links":{"self":[{"href":"https:\/\/diariodominicano.com\/index.php?rest_route=\/wp\/v2\/posts\/155179","targetHints":{"allow":["GET"]}}],"collection":[{"href":"https:\/\/diariodominicano.com\/index.php?rest_route=\/wp\/v2\/posts"}],"about":[{"href":"https:\/\/diariodominicano.com\/index.php?rest_route=\/wp\/v2\/types\/post"}],"author":[{"embeddable":true,"href":"https:\/\/diariodominicano.com\/index.php?rest_route=\/wp\/v2\/users\/3"}],"replies":[{"embeddable":true,"href":"https:\/\/diariodominicano.com\/index.php?rest_route=%2Fwp%2Fv2%2Fcomments&post=155179"}],"version-history":[{"count":0,"href":"https:\/\/diariodominicano.com\/index.php?rest_route=\/wp\/v2\/posts\/155179\/revisions"}],"wp:attachment":[{"href":"https:\/\/diariodominicano.com\/index.php?rest_route=%2Fwp%2Fv2%2Fmedia&parent=155179"}],"wp:term":[{"taxonomy":"category","embeddable":true,"href":"https:\/\/diariodominicano.com\/index.php?rest_route=%2Fwp%2Fv2%2Fcategories&post=155179"},{"taxonomy":"post_tag","embeddable":true,"href":"https:\/\/diariodominicano.com\/index.php?rest_route=%2Fwp%2Fv2%2Ftags&post=155179"}],"curies":[{"name":"wp","href":"https:\/\/api.w.org\/{rel}","templated":true}]}}