{"id":155178,"date":"2010-12-06T16:42:52","date_gmt":"2010-12-06T16:42:52","guid":{"rendered":"http:\/\/diariodominicano.ddns.net\/?p=155178"},"modified":"2010-12-06T16:42:52","modified_gmt":"2010-12-06T16:42:52","slug":"ciudadania-acoge-timidamente-lunes-amarillo-por-el-4-a-la-educacion","status":"publish","type":"post","link":"https:\/\/diariodominicano.com\/?p=155178","title":{"rendered":"Ciudadan\u00eda acoge t\u00edmidamente Lunes Amarillo por el 4 % a la educaci\u00f3n"},"content":{"rendered":"<p><body><\/p>\n<p><span class=\"text1noticias\">Santo Domingo, 6 dic 2010.- La ciudadan\u00eda acogi\u00f3 t\u00edmidamente el llamado \u00abLunes Amarillo\u00bb  en reclamo de  que el Gobierno cumpla con el 4% del PIB para la educaci\u00f3n -El llamado  Lunes Amarillo- fue apoyado por una p\u00edrrica cantidad de personas que asistieron a sus trabajos, centros escolares, entre otros, llevando una prenda amarilla para que se cumpla con la Ley y la Constituci\u00f3n.<\/span><\/p>\n<\/p>\n<p><span class=\"text1noticias\">Esta campa\u00f1a convocada por la sociedad civil y que ha recibido el apoyo del empresariado, la iglesia, los partidos de oposici\u00f3n, organizaciones y particulares  encontr\u00f3 poco respaldo de la poblaci\u00f3n.<\/span><\/p>\n<\/p>\n<p><span class=\"text1noticias\">En la avenida San Vicente de Pa\u00fal se observaron algunas  personas que utilizan el transporte p\u00fablico para dirigirse a sus trabajos, vestidas con camisetas amarillas y bufandas del mismo color.<\/span><\/p>\n<\/p>\n<p><span class=\"text1noticias\">La Coalici\u00f3n Educaci\u00f3n Digna  public\u00f3 un listado de las esquinas  donde estar\u00e1n este lunes Amarillo por concentrados los que respaldan la demanda, a partir de las 4:00 de la tarde.<\/span><\/p>\n<\/p>\n<p><span class=\"text1noticias\">Esas esquinas amarillas en el Distrito Nacional son: Duarte con Par\u00eds, Cruce de Manoguayabo\/Autopista Duarte, Parque Independencia \/Calle el Conde, Winston Churchill \/ 27 de Feb. , Av. Ovando con M\u00e1ximo <\/span><\/p>\n<p><span class=\"text1noticias\">Tambi\u00e9n, Pintura, Peaje de la Carretera S\u00e1nchez, Calle Albert Tomas con Padre Castellano (La 17), Josefa Brea\/27 de Febrero, 12 de Haina, Francisco del Rosario S\u00e1nchez (Debajo Del Puente de la 17, Gauchupita y Cienaga), Cabeza del Puente de la 17, Francisco del Rosario S\u00e1nchez (Debajo Del Puente de la 17, Gauchupita y La Cienaga), 27 de Febrero con Abran Lincol, Parque Espa\u00f1a (Ave. Lincoln Esq. Jos\u00e9 Contreras)<\/span><\/p>\n<h6> 2010-12-06 16:42:52 <\/h6>\n<p><!--\n<link rel=\"stylesheet\" href=\"css\/bootstrap.min.css\">\n\n\n<ul class=\"pagination\">\n\t    \n\t\n\n<li >\n\t<a href='?page_no=30345'>Previous<\/a>\n\t<\/li>\n\n\n       \n    \n\n<li><a href='?page_no=1'>1<\/a><\/li>\n\n\n\n<li><a href='?page_no=2'>2<\/a><\/li>\n\n\n\n<li><a>...<\/a><\/li>\n\n\n\n<li><a href='?page_no=30344'>30344<\/a><\/li>\n\n\n\n<li><a href='?page_no=30345'>30345<\/a><\/li>\n\n\n\n<li class='active'><a>30346<\/a><\/li>\n\n\n\n<li><a href='?page_no=30347'>30347<\/a><\/li>\n\n\n\n<li><a href='?page_no=30348'>30348<\/a><\/li>\n\n\n\n<li><a>...<\/a><\/li>\n\n\n\n<li><a href='?page_no=31963'>31963<\/a><\/li>\n\n\n\n<li><a href='?page_no=31964'>31964<\/a><\/li>\n\n    \n\t\n\n<li >\n\t<a href='?page_no=30347'>Next<\/a>\n\t<\/li>\n\n\n    \n\n<li><a href='?page_no=31964'>Last &rsaquo;&rsaquo;<\/a><\/li>\n\n<\/ul>\n\n\n--><br \/>\n<\/body><\/p>\n","protected":false},"excerpt":{"rendered":"<p>Santo Domingo, 6 dic 2010.- La ciudadan\u00eda acogi\u00f3 t\u00edmidamente el llamado \u00abLunes Amarillo\u00bb en reclamo de que el Gobierno cumpla con el 4% del PIB para la educaci\u00f3n -El llamado Lunes Amarillo- fue apoyado por una p\u00edrrica cantidad de personas que asistieron a sus trabajos, centros escolares, entre otros, llevando una prenda amarilla para que [&hellip;]<\/p>\n","protected":false},"author":3,"featured_media":0,"comment_status":"open","ping_status":"open","sticky":false,"template":"","format":"standard","meta":{"footnotes":""},"categories":[24],"tags":[],"class_list":["post-155178","post","type-post","status-publish","format-standard","hentry","category-justicia-y-derecho"],"_links":{"self":[{"href":"https:\/\/diariodominicano.com\/index.php?rest_route=\/wp\/v2\/posts\/155178","targetHints":{"allow":["GET"]}}],"collection":[{"href":"https:\/\/diariodominicano.com\/index.php?rest_route=\/wp\/v2\/posts"}],"about":[{"href":"https:\/\/diariodominicano.com\/index.php?rest_route=\/wp\/v2\/types\/post"}],"author":[{"embeddable":true,"href":"https:\/\/diariodominicano.com\/index.php?rest_route=\/wp\/v2\/users\/3"}],"replies":[{"embeddable":true,"href":"https:\/\/diariodominicano.com\/index.php?rest_route=%2Fwp%2Fv2%2Fcomments&post=155178"}],"version-history":[{"count":0,"href":"https:\/\/diariodominicano.com\/index.php?rest_route=\/wp\/v2\/posts\/155178\/revisions"}],"wp:attachment":[{"href":"https:\/\/diariodominicano.com\/index.php?rest_route=%2Fwp%2Fv2%2Fmedia&parent=155178"}],"wp:term":[{"taxonomy":"category","embeddable":true,"href":"https:\/\/diariodominicano.com\/index.php?rest_route=%2Fwp%2Fv2%2Fcategories&post=155178"},{"taxonomy":"post_tag","embeddable":true,"href":"https:\/\/diariodominicano.com\/index.php?rest_route=%2Fwp%2Fv2%2Ftags&post=155178"}],"curies":[{"name":"wp","href":"https:\/\/api.w.org\/{rel}","templated":true}]}}