{"id":155177,"date":"2010-12-06T19:01:20","date_gmt":"2010-12-06T19:01:20","guid":{"rendered":"http:\/\/diariodominicano.ddns.net\/?p=155177"},"modified":"2010-12-06T19:01:20","modified_gmt":"2010-12-06T19:01:20","slug":"expresidente-jorge-blanco-lleva-17-dias-en-coma-profundo","status":"publish","type":"post","link":"https:\/\/diariodominicano.com\/?p=155177","title":{"rendered":"Expresidente  Jorge Blanco lleva 17 d\u00edas en coma profundo"},"content":{"rendered":"<p><body><\/p>\n<p><span class=\"text1noticias\">Santo Domingo, 6 dic 2010.-  El ex presidente de la Rep\u00fablica Salvador Jorge Blanco cumple este lunes 17 d\u00edas en estado de coma y sus signos se mantienen  sin retroceso.<\/span><\/p>\n<\/p>\n<p><span class=\"text1noticias\">Su hijo, Orlando Jorge Mera,  dijo por la v\u00eda telef\u00f3nica al programa El Gobierno de la ma\u00f1ana de la Z101 que la vida de su padre est\u00e1 en manos de D\u00edos.<\/span><\/p>\n<\/p>\n<p><span class=\"text1noticias\">Explic\u00f3 que la situaci\u00f3n  de su padre se empeor\u00f3 notablemente luego de sufrir el paro cardiaco por lo que s\u00f3lo queda rezar a Todopoderoso por su salud.<\/span><\/p>\n<\/p>\n<p><span class=\"text1noticias\">Jorge Mera agradeci\u00f3 en nombre de su familia la solidaridad brindada por la ciudadan\u00eda que ha manifestado consternaci\u00f3n por la salud de su padre.<\/span><\/p>\n<\/p>\n<p><span class=\"text1noticias\">Jorge Blanco se mantiene en la Sala de Cuidados Intensivos de la Cl\u00ednica de Medicina Avanzada Abel Gonz\u00e1lez desde el pasado 13 del pasado  mes de noviembre luego que sufriera una ca\u00edda de su cama. <\/span><\/p>\n<\/p>\n<h6> 2010-12-06 19:01:20 <\/h6>\n<p><!--\n<link rel=\"stylesheet\" href=\"css\/bootstrap.min.css\">\n\n\n<ul class=\"pagination\">\n\t    \n\t\n\n<li >\n\t<a href='?page_no=30344'>Previous<\/a>\n\t<\/li>\n\n\n       \n    \n\n<li><a href='?page_no=1'>1<\/a><\/li>\n\n\n\n<li><a href='?page_no=2'>2<\/a><\/li>\n\n\n\n<li><a>...<\/a><\/li>\n\n\n\n<li><a href='?page_no=30343'>30343<\/a><\/li>\n\n\n\n<li><a href='?page_no=30344'>30344<\/a><\/li>\n\n\n\n<li class='active'><a>30345<\/a><\/li>\n\n\n\n<li><a href='?page_no=30346'>30346<\/a><\/li>\n\n\n\n<li><a href='?page_no=30347'>30347<\/a><\/li>\n\n\n\n<li><a>...<\/a><\/li>\n\n\n\n<li><a href='?page_no=31963'>31963<\/a><\/li>\n\n\n\n<li><a href='?page_no=31964'>31964<\/a><\/li>\n\n    \n\t\n\n<li >\n\t<a href='?page_no=30346'>Next<\/a>\n\t<\/li>\n\n\n    \n\n<li><a href='?page_no=31964'>Last &rsaquo;&rsaquo;<\/a><\/li>\n\n<\/ul>\n\n\n--><br \/>\n<\/body><\/p>\n","protected":false},"excerpt":{"rendered":"<p>Santo Domingo, 6 dic 2010.- El ex presidente de la Rep\u00fablica Salvador Jorge Blanco cumple este lunes 17 d\u00edas en estado de coma y sus signos se mantienen sin retroceso. Su hijo, Orlando Jorge Mera, dijo por la v\u00eda telef\u00f3nica al programa El Gobierno de la ma\u00f1ana de la Z101 que la vida de su [&hellip;]<\/p>\n","protected":false},"author":3,"featured_media":0,"comment_status":"open","ping_status":"open","sticky":false,"template":"","format":"standard","meta":{"footnotes":""},"categories":[24],"tags":[],"class_list":["post-155177","post","type-post","status-publish","format-standard","hentry","category-justicia-y-derecho"],"_links":{"self":[{"href":"https:\/\/diariodominicano.com\/index.php?rest_route=\/wp\/v2\/posts\/155177","targetHints":{"allow":["GET"]}}],"collection":[{"href":"https:\/\/diariodominicano.com\/index.php?rest_route=\/wp\/v2\/posts"}],"about":[{"href":"https:\/\/diariodominicano.com\/index.php?rest_route=\/wp\/v2\/types\/post"}],"author":[{"embeddable":true,"href":"https:\/\/diariodominicano.com\/index.php?rest_route=\/wp\/v2\/users\/3"}],"replies":[{"embeddable":true,"href":"https:\/\/diariodominicano.com\/index.php?rest_route=%2Fwp%2Fv2%2Fcomments&post=155177"}],"version-history":[{"count":0,"href":"https:\/\/diariodominicano.com\/index.php?rest_route=\/wp\/v2\/posts\/155177\/revisions"}],"wp:attachment":[{"href":"https:\/\/diariodominicano.com\/index.php?rest_route=%2Fwp%2Fv2%2Fmedia&parent=155177"}],"wp:term":[{"taxonomy":"category","embeddable":true,"href":"https:\/\/diariodominicano.com\/index.php?rest_route=%2Fwp%2Fv2%2Fcategories&post=155177"},{"taxonomy":"post_tag","embeddable":true,"href":"https:\/\/diariodominicano.com\/index.php?rest_route=%2Fwp%2Fv2%2Ftags&post=155177"}],"curies":[{"name":"wp","href":"https:\/\/api.w.org\/{rel}","templated":true}]}}