{"id":155176,"date":"2010-12-06T20:30:06","date_gmt":"2010-12-06T20:30:06","guid":{"rendered":"http:\/\/diariodominicano.ddns.net\/?p=155176"},"modified":"2010-12-06T20:30:06","modified_gmt":"2010-12-06T20:30:06","slug":"regalia-pascual-comienza-entregarse-este-martes","status":"publish","type":"post","link":"https:\/\/diariodominicano.com\/?p=155176","title":{"rendered":"&#13;Regal\u00eda Pascual comienza entregarse este martes"},"content":{"rendered":"<p><body><\/p>\n<p><img decoding=\"async\" src=\"http:\/\/localhost:8080\/justiciayderecho\/img3\/REGALIA D.jpg\" \/>  <\/p>\n<\/p>\n<p><span class=\"text1noticias\">Santo Domingo, 06 DIC 2010.-El  Tesorero Nacional inform\u00f3 que el Gobierno dominicano inicia ma\u00f1ana martes d\u00eda 7 el pago del doble sueldo a los empleados p\u00fablicos, incluyendo pensionados civiles y militares; y las transferencias a  las instituciones descentralizadas.<\/span><\/p>\n<\/p>\n<p><span class=\"text1noticias\"> Guaroa Guzm\u00e1n, especific\u00f3 que a los empleados del Gobierno Central se les pagar\u00e1 RD$6 mil 500 millones, incluyendo a los pensionados civiles y militares; y por concepto de transferencias a las entidades descentralizadas, RD$1,400 millones.<\/span><\/p>\n<\/p>\n<p><span class=\"text1noticias\">De esta manera se cumple lo anunciado por el ministro de Hacienda, Vicente Bengoa, de que en los primeros 10 d\u00edas del mes de diciembre se pagar\u00eda el sueldo extra a los servidores del Estado.<\/span><\/p>\n<\/p>\n<h6> 2010-12-06 20:30:06 <\/h6>\n<p><!--\n<link rel=\"stylesheet\" href=\"css\/bootstrap.min.css\">\n\n\n<ul class=\"pagination\">\n\t    \n\t\n\n<li >\n\t<a href='?page_no=30343'>Previous<\/a>\n\t<\/li>\n\n\n       \n    \n\n<li><a href='?page_no=1'>1<\/a><\/li>\n\n\n\n<li><a href='?page_no=2'>2<\/a><\/li>\n\n\n\n<li><a>...<\/a><\/li>\n\n\n\n<li><a href='?page_no=30342'>30342<\/a><\/li>\n\n\n\n<li><a href='?page_no=30343'>30343<\/a><\/li>\n\n\n\n<li class='active'><a>30344<\/a><\/li>\n\n\n\n<li><a href='?page_no=30345'>30345<\/a><\/li>\n\n\n\n<li><a href='?page_no=30346'>30346<\/a><\/li>\n\n\n\n<li><a>...<\/a><\/li>\n\n\n\n<li><a href='?page_no=31963'>31963<\/a><\/li>\n\n\n\n<li><a href='?page_no=31964'>31964<\/a><\/li>\n\n    \n\t\n\n<li >\n\t<a href='?page_no=30345'>Next<\/a>\n\t<\/li>\n\n\n    \n\n<li><a href='?page_no=31964'>Last &rsaquo;&rsaquo;<\/a><\/li>\n\n<\/ul>\n\n\n--><br \/>\n<\/body><\/p>\n","protected":false},"excerpt":{"rendered":"<p>Santo Domingo, 06 DIC 2010.-El Tesorero Nacional inform\u00f3 que el Gobierno dominicano inicia ma\u00f1ana martes d\u00eda 7 el pago del doble sueldo a los empleados p\u00fablicos, incluyendo pensionados civiles y militares; y las transferencias a las instituciones descentralizadas. Guaroa Guzm\u00e1n, especific\u00f3 que a los empleados del Gobierno Central se les pagar\u00e1 RD$6 mil 500 millones, [&hellip;]<\/p>\n","protected":false},"author":3,"featured_media":0,"comment_status":"open","ping_status":"open","sticky":false,"template":"","format":"standard","meta":{"footnotes":""},"categories":[24],"tags":[],"class_list":["post-155176","post","type-post","status-publish","format-standard","hentry","category-justicia-y-derecho"],"_links":{"self":[{"href":"https:\/\/diariodominicano.com\/index.php?rest_route=\/wp\/v2\/posts\/155176","targetHints":{"allow":["GET"]}}],"collection":[{"href":"https:\/\/diariodominicano.com\/index.php?rest_route=\/wp\/v2\/posts"}],"about":[{"href":"https:\/\/diariodominicano.com\/index.php?rest_route=\/wp\/v2\/types\/post"}],"author":[{"embeddable":true,"href":"https:\/\/diariodominicano.com\/index.php?rest_route=\/wp\/v2\/users\/3"}],"replies":[{"embeddable":true,"href":"https:\/\/diariodominicano.com\/index.php?rest_route=%2Fwp%2Fv2%2Fcomments&post=155176"}],"version-history":[{"count":0,"href":"https:\/\/diariodominicano.com\/index.php?rest_route=\/wp\/v2\/posts\/155176\/revisions"}],"wp:attachment":[{"href":"https:\/\/diariodominicano.com\/index.php?rest_route=%2Fwp%2Fv2%2Fmedia&parent=155176"}],"wp:term":[{"taxonomy":"category","embeddable":true,"href":"https:\/\/diariodominicano.com\/index.php?rest_route=%2Fwp%2Fv2%2Fcategories&post=155176"},{"taxonomy":"post_tag","embeddable":true,"href":"https:\/\/diariodominicano.com\/index.php?rest_route=%2Fwp%2Fv2%2Ftags&post=155176"}],"curies":[{"name":"wp","href":"https:\/\/api.w.org\/{rel}","templated":true}]}}