{"id":155175,"date":"2010-12-06T20:51:19","date_gmt":"2010-12-06T20:51:19","guid":{"rendered":"http:\/\/diariodominicano.ddns.net\/?p=155175"},"modified":"2010-12-06T20:51:19","modified_gmt":"2010-12-06T20:51:19","slug":"figueroa-agosto-se-declara-no-culpable-en-puerto-rico","status":"publish","type":"post","link":"https:\/\/diariodominicano.com\/?p=155175","title":{"rendered":"Figueroa Agosto se declara no culpable en Puerto Rico"},"content":{"rendered":"<p><body><\/p>\n<p><img decoding=\"async\" src=\"http:\/\/localhost:8080\/justiciayderecho\/img3\/agosto no culpable 11.jpg\" \/>  <\/p>\n<p><span class=\"text1noticias\">Santo Domingo, 06 Dic 2010.-El puertorrique\u00f1o Jos\u00e9 Figueroa Agosto,\u00bb Junior C\u00e1psula\u00bb, se declar\u00f3 hoy \u00abno culpable\u00bb de los cargos federales por narcotr\u00e1fico radicados en su contra en noviembre por presuntamente dirigir una poderosa organizaci\u00f3n criminal dedicada al trasiego de drogas, Seg\u00fan publica el peri\u00f3dico El Nuevo D\u00eda de Puerto Rico. <\/span><\/p>\n<\/p>\n<p><span class=\"text1noticias\">Al hacer su alegaci\u00f3n ante el magistrado federal Bruce McGiverin, Figueroa Agosto estuvo acompa\u00f1ado por su abogada Anita Hill, seg\u00fan expresa el diario.<\/span><\/p>\n<\/p>\n<p><span class=\"text1noticias\">El magistrado sostuvo al terminar la vista que permanecen inalteradas las condiciones de prisi\u00f3n de \u00abJunior C\u00e1psula\u00bb quien est\u00e1 bajo aislamiento hace cuatro meses en el Centro de Detenci\u00f3n Metropolitana de las autoridades federales, en Guaynabo. <\/span><\/p>\n<\/p>\n<p><span class=\"text1noticias\">El peri\u00f3dico destaca que al finalizar la vista, la licenciada Hill dijo que hab\u00edan radicado una moci\u00f3n para renunciar a esa audiencia, pero el juez Juan P\u00e9rez Gim\u00e9nez la deneg\u00f3 sin explicaci\u00f3n alguna.<\/span><\/p>\n<\/p>\n<p><span class=\"text1noticias\">Figueroa Agosto fue excarcelado el 22 de noviembre pasado para enfrentar dos acusaciones distintas por narcotr\u00e1fico que lo exponen a una pena fija en prisi\u00f3n de cadena perpetua.<\/span><\/p>\n<\/p>\n<p><span class=\"text1noticias\">El reo, quien fue acusado junto a su hermano Jorge Luis y otras 15 personas, fue imputado de erigir una organizaci\u00f3n en Rep\u00fablica Dominicana y Puerto Rico dedicada exclusivamente a suplir de coca\u00edna a todo el Caribe a trav\u00e9s de viajes en lanchas r\u00e1pidas.<\/span><\/p>\n<\/p>\n<h6> 2010-12-06 20:51:19 <\/h6>\n<p><!--\n<link rel=\"stylesheet\" href=\"css\/bootstrap.min.css\">\n\n\n<ul class=\"pagination\">\n\t    \n\t\n\n<li >\n\t<a href='?page_no=30342'>Previous<\/a>\n\t<\/li>\n\n\n       \n    \n\n<li><a href='?page_no=1'>1<\/a><\/li>\n\n\n\n<li><a href='?page_no=2'>2<\/a><\/li>\n\n\n\n<li><a>...<\/a><\/li>\n\n\n\n<li><a href='?page_no=30341'>30341<\/a><\/li>\n\n\n\n<li><a href='?page_no=30342'>30342<\/a><\/li>\n\n\n\n<li class='active'><a>30343<\/a><\/li>\n\n\n\n<li><a href='?page_no=30344'>30344<\/a><\/li>\n\n\n\n<li><a href='?page_no=30345'>30345<\/a><\/li>\n\n\n\n<li><a>...<\/a><\/li>\n\n\n\n<li><a href='?page_no=31963'>31963<\/a><\/li>\n\n\n\n<li><a href='?page_no=31964'>31964<\/a><\/li>\n\n    \n\t\n\n<li >\n\t<a href='?page_no=30344'>Next<\/a>\n\t<\/li>\n\n\n    \n\n<li><a href='?page_no=31964'>Last &rsaquo;&rsaquo;<\/a><\/li>\n\n<\/ul>\n\n\n--><br \/>\n<\/body><\/p>\n","protected":false},"excerpt":{"rendered":"<p>Santo Domingo, 06 Dic 2010.-El puertorrique\u00f1o Jos\u00e9 Figueroa Agosto,\u00bb Junior C\u00e1psula\u00bb, se declar\u00f3 hoy \u00abno culpable\u00bb de los cargos federales por narcotr\u00e1fico radicados en su contra en noviembre por presuntamente dirigir una poderosa organizaci\u00f3n criminal dedicada al trasiego de drogas, Seg\u00fan publica el peri\u00f3dico El Nuevo D\u00eda de Puerto Rico. Al hacer su alegaci\u00f3n ante [&hellip;]<\/p>\n","protected":false},"author":3,"featured_media":0,"comment_status":"open","ping_status":"open","sticky":false,"template":"","format":"standard","meta":{"footnotes":""},"categories":[24],"tags":[],"class_list":["post-155175","post","type-post","status-publish","format-standard","hentry","category-justicia-y-derecho"],"_links":{"self":[{"href":"https:\/\/diariodominicano.com\/index.php?rest_route=\/wp\/v2\/posts\/155175","targetHints":{"allow":["GET"]}}],"collection":[{"href":"https:\/\/diariodominicano.com\/index.php?rest_route=\/wp\/v2\/posts"}],"about":[{"href":"https:\/\/diariodominicano.com\/index.php?rest_route=\/wp\/v2\/types\/post"}],"author":[{"embeddable":true,"href":"https:\/\/diariodominicano.com\/index.php?rest_route=\/wp\/v2\/users\/3"}],"replies":[{"embeddable":true,"href":"https:\/\/diariodominicano.com\/index.php?rest_route=%2Fwp%2Fv2%2Fcomments&post=155175"}],"version-history":[{"count":0,"href":"https:\/\/diariodominicano.com\/index.php?rest_route=\/wp\/v2\/posts\/155175\/revisions"}],"wp:attachment":[{"href":"https:\/\/diariodominicano.com\/index.php?rest_route=%2Fwp%2Fv2%2Fmedia&parent=155175"}],"wp:term":[{"taxonomy":"category","embeddable":true,"href":"https:\/\/diariodominicano.com\/index.php?rest_route=%2Fwp%2Fv2%2Fcategories&post=155175"},{"taxonomy":"post_tag","embeddable":true,"href":"https:\/\/diariodominicano.com\/index.php?rest_route=%2Fwp%2Fv2%2Ftags&post=155175"}],"curies":[{"name":"wp","href":"https:\/\/api.w.org\/{rel}","templated":true}]}}