{"id":155174,"date":"2010-12-06T21:03:23","date_gmt":"2010-12-06T21:03:23","guid":{"rendered":"http:\/\/diariodominicano.ddns.net\/?p=155174"},"modified":"2010-12-06T21:03:23","modified_gmt":"2010-12-06T21:03:23","slug":"suprema-ve-valentia-en-jueces-emitieron-sentencia-en-matanza-paya","status":"publish","type":"post","link":"https:\/\/diariodominicano.com\/?p=155174","title":{"rendered":"Suprema ve valent\u00eda en jueces emitieron sentencia en matanza Paya&#13;"},"content":{"rendered":"<p><body><\/p>\n<p><img decoding=\"async\" src=\"http:\/\/localhost:8080\/justiciayderecho\/img3\/suprema dom.jpg\" \/>  <\/p>\n<\/p>\n<p><span class=\"text1noticias\">Santo Domingo, 06 Dic 2010.-El presidente de la Suprema Corte de Justicia (SCJ)   felicit\u00f3 lo que estima  valent\u00eda con que los jueves del Tercer Tribunal Colegiado del Distrito Nacional adoptaron una decisi\u00f3n sobre el caso Paya,  en base a sus criterios.<\/span><\/p>\n<\/p>\n<p><span class=\"text1noticias\">Jorge Subero Isa dijo que la presidenta del tribunal, Alina Mora de M\u00e1rmol, Ramona Natividad de los Santos y Rafael Pacheco, adoptaron una decisi\u00f3n la cual entiende, en base a su criterio, es correcta.<\/span><\/p>\n<p><span class=\"text1noticias\">Agreg\u00f3 que \u00abhay que alabar la valent\u00eda de dos mujeres y un hombre que han tomado una decisi\u00f3n en el criterio que ellos consideran que es correcto\u00bb. <\/span><\/p>\n<\/p>\n<p><span class=\"text1noticias\">Aclar\u00f3 que no puede pronunciarse sobre la sentencia que condena a 16 de los acusados, entre tres y 30 a\u00f1os de prisi\u00f3n y descarga a seis por insuficiencia de pruebas, porque ese tribunal podr\u00eda ser apoderado sobre alg\u00fan recurso de esa sentencia.<\/span><\/p>\n<\/p>\n<h6> 2010-12-06 21:03:23 <\/h6>\n<p><!--\n<link rel=\"stylesheet\" href=\"css\/bootstrap.min.css\">\n\n\n<ul class=\"pagination\">\n\t    \n\t\n\n<li >\n\t<a href='?page_no=30341'>Previous<\/a>\n\t<\/li>\n\n\n       \n    \n\n<li><a href='?page_no=1'>1<\/a><\/li>\n\n\n\n<li><a href='?page_no=2'>2<\/a><\/li>\n\n\n\n<li><a>...<\/a><\/li>\n\n\n\n<li><a href='?page_no=30340'>30340<\/a><\/li>\n\n\n\n<li><a href='?page_no=30341'>30341<\/a><\/li>\n\n\n\n<li class='active'><a>30342<\/a><\/li>\n\n\n\n<li><a href='?page_no=30343'>30343<\/a><\/li>\n\n\n\n<li><a href='?page_no=30344'>30344<\/a><\/li>\n\n\n\n<li><a>...<\/a><\/li>\n\n\n\n<li><a href='?page_no=31963'>31963<\/a><\/li>\n\n\n\n<li><a href='?page_no=31964'>31964<\/a><\/li>\n\n    \n\t\n\n<li >\n\t<a href='?page_no=30343'>Next<\/a>\n\t<\/li>\n\n\n    \n\n<li><a href='?page_no=31964'>Last &rsaquo;&rsaquo;<\/a><\/li>\n\n<\/ul>\n\n\n--><br \/>\n<\/body><\/p>\n","protected":false},"excerpt":{"rendered":"<p>Santo Domingo, 06 Dic 2010.-El presidente de la Suprema Corte de Justicia (SCJ) felicit\u00f3 lo que estima valent\u00eda con que los jueves del Tercer Tribunal Colegiado del Distrito Nacional adoptaron una decisi\u00f3n sobre el caso Paya, en base a sus criterios. Jorge Subero Isa dijo que la presidenta del tribunal, Alina Mora de M\u00e1rmol, Ramona [&hellip;]<\/p>\n","protected":false},"author":3,"featured_media":0,"comment_status":"open","ping_status":"open","sticky":false,"template":"","format":"standard","meta":{"footnotes":""},"categories":[24],"tags":[],"class_list":["post-155174","post","type-post","status-publish","format-standard","hentry","category-justicia-y-derecho"],"_links":{"self":[{"href":"https:\/\/diariodominicano.com\/index.php?rest_route=\/wp\/v2\/posts\/155174","targetHints":{"allow":["GET"]}}],"collection":[{"href":"https:\/\/diariodominicano.com\/index.php?rest_route=\/wp\/v2\/posts"}],"about":[{"href":"https:\/\/diariodominicano.com\/index.php?rest_route=\/wp\/v2\/types\/post"}],"author":[{"embeddable":true,"href":"https:\/\/diariodominicano.com\/index.php?rest_route=\/wp\/v2\/users\/3"}],"replies":[{"embeddable":true,"href":"https:\/\/diariodominicano.com\/index.php?rest_route=%2Fwp%2Fv2%2Fcomments&post=155174"}],"version-history":[{"count":0,"href":"https:\/\/diariodominicano.com\/index.php?rest_route=\/wp\/v2\/posts\/155174\/revisions"}],"wp:attachment":[{"href":"https:\/\/diariodominicano.com\/index.php?rest_route=%2Fwp%2Fv2%2Fmedia&parent=155174"}],"wp:term":[{"taxonomy":"category","embeddable":true,"href":"https:\/\/diariodominicano.com\/index.php?rest_route=%2Fwp%2Fv2%2Fcategories&post=155174"},{"taxonomy":"post_tag","embeddable":true,"href":"https:\/\/diariodominicano.com\/index.php?rest_route=%2Fwp%2Fv2%2Ftags&post=155174"}],"curies":[{"name":"wp","href":"https:\/\/api.w.org\/{rel}","templated":true}]}}