{"id":155173,"date":"2010-12-06T21:11:38","date_gmt":"2010-12-06T21:11:38","guid":{"rendered":"http:\/\/diariodominicano.ddns.net\/?p=155173"},"modified":"2010-12-06T21:11:38","modified_gmt":"2010-12-06T21:11:38","slug":"lopez-rodriguez-respalda-mayores-recursos-para-educacion","status":"publish","type":"post","link":"https:\/\/diariodominicano.com\/?p=155173","title":{"rendered":"&#13;L\u00f3pez Rodr\u00edguez  respalda mayores recursos para educaci\u00f3n"},"content":{"rendered":"<p><body><\/p>\n<p><img decoding=\"async\" src=\"http:\/\/localhost:8080\/justiciayderecho\/img3\/cardeanl l r 11.jpg\" \/>  <\/p>\n<\/p>\n<p><span class=\"text1noticias\">Santo Domingo, 06 Dic 2010.-El cardenal Nicol\u00e1s de Jes\u00fas L\u00f3pez Rodr\u00edguez respalda el reclamo de la poblaci\u00f3n para que se asigne a la educaci\u00f3n el 4% del Producto Interno Bruto (PIB), pero puso en duda que el Gobierno tenga capacidad econ\u00f3mica para cumplir con esa demanda.<\/span><\/p>\n<\/p>\n<p><span class=\"text1noticias\">Dijo que \u00abes un buen deseo y todos estamos de acuerdo, lo que dudo es que haya capacidad para hacerlo\u00bb, manifest\u00f3 el arzobispo de Santo Domingo, quien se pregunt\u00f3 ?Si no hay capacidad, qu\u00e9 hacemos con el apoyo?.<\/span><\/p>\n<\/p>\n<p><span class=\"text1noticias\">Dijo: \u00abYo me pregunto, \u00bftiene el gobierno capacidad econ\u00f3mica para eso\u00bb, s\u00ed o no<\/span><\/p>\n<p><span class=\"text1noticias\">Destac\u00f3 que el llamado es muy bueno y que todo el mundo aspira, no solamente al 4% del PIB, sino a m\u00e1s que eso, pero dijo dudar que el gobierno tenga capacidad econ\u00f3mica para cumplir con el porcentaje establecido en la Ley General de Educaci\u00f3n, desde hace 13 a\u00f1os.<\/span><\/p>\n<\/p>\n<p><span class=\"text1noticias\">Dijo que, aparte de que la iglesia ha venido reclamando mayores recursos para la educaci\u00f3n, son los primeros comprometidos en la educaci\u00f3n desde hace a\u00f1os, y dijo que hace 500 a\u00f1os empez\u00f3 con los dominicos a hablar de eso y se fundaron dos o tres universidades, e incluso, se incorporaron los ind\u00edgenas al proceso educativo.<\/span><\/p>\n<\/p>\n<p><span class=\"text1noticias\">L\u00f3pez Rodr\u00edguez habl\u00f3 del tema luego de oficiar una misa por los 500 a\u00f1os de la llegada de los dominicos al pa\u00eds, cuya eucarist\u00eda fue celebrada en la Catedral Primada de Am\u00e9rica, con la asistencia de cientos de sacerdotes de la Arquidi\u00f3cesis de Santo Domingo.<\/span><\/p>\n<\/p>\n<h6> 2010-12-06 21:11:38 <\/h6>\n<p><!--\n<link rel=\"stylesheet\" href=\"css\/bootstrap.min.css\">\n\n\n<ul class=\"pagination\">\n\t    \n\t\n\n<li >\n\t<a href='?page_no=30340'>Previous<\/a>\n\t<\/li>\n\n\n       \n    \n\n<li><a href='?page_no=1'>1<\/a><\/li>\n\n\n\n<li><a href='?page_no=2'>2<\/a><\/li>\n\n\n\n<li><a>...<\/a><\/li>\n\n\n\n<li><a href='?page_no=30339'>30339<\/a><\/li>\n\n\n\n<li><a href='?page_no=30340'>30340<\/a><\/li>\n\n\n\n<li class='active'><a>30341<\/a><\/li>\n\n\n\n<li><a href='?page_no=30342'>30342<\/a><\/li>\n\n\n\n<li><a href='?page_no=30343'>30343<\/a><\/li>\n\n\n\n<li><a>...<\/a><\/li>\n\n\n\n<li><a href='?page_no=31963'>31963<\/a><\/li>\n\n\n\n<li><a href='?page_no=31964'>31964<\/a><\/li>\n\n    \n\t\n\n<li >\n\t<a href='?page_no=30342'>Next<\/a>\n\t<\/li>\n\n\n    \n\n<li><a href='?page_no=31964'>Last &rsaquo;&rsaquo;<\/a><\/li>\n\n<\/ul>\n\n\n--><br \/>\n<\/body><\/p>\n","protected":false},"excerpt":{"rendered":"<p>Santo Domingo, 06 Dic 2010.-El cardenal Nicol\u00e1s de Jes\u00fas L\u00f3pez Rodr\u00edguez respalda el reclamo de la poblaci\u00f3n para que se asigne a la educaci\u00f3n el 4% del Producto Interno Bruto (PIB), pero puso en duda que el Gobierno tenga capacidad econ\u00f3mica para cumplir con esa demanda. Dijo que \u00abes un buen deseo y todos estamos [&hellip;]<\/p>\n","protected":false},"author":3,"featured_media":0,"comment_status":"open","ping_status":"open","sticky":false,"template":"","format":"standard","meta":{"footnotes":""},"categories":[24],"tags":[],"class_list":["post-155173","post","type-post","status-publish","format-standard","hentry","category-justicia-y-derecho"],"_links":{"self":[{"href":"https:\/\/diariodominicano.com\/index.php?rest_route=\/wp\/v2\/posts\/155173","targetHints":{"allow":["GET"]}}],"collection":[{"href":"https:\/\/diariodominicano.com\/index.php?rest_route=\/wp\/v2\/posts"}],"about":[{"href":"https:\/\/diariodominicano.com\/index.php?rest_route=\/wp\/v2\/types\/post"}],"author":[{"embeddable":true,"href":"https:\/\/diariodominicano.com\/index.php?rest_route=\/wp\/v2\/users\/3"}],"replies":[{"embeddable":true,"href":"https:\/\/diariodominicano.com\/index.php?rest_route=%2Fwp%2Fv2%2Fcomments&post=155173"}],"version-history":[{"count":0,"href":"https:\/\/diariodominicano.com\/index.php?rest_route=\/wp\/v2\/posts\/155173\/revisions"}],"wp:attachment":[{"href":"https:\/\/diariodominicano.com\/index.php?rest_route=%2Fwp%2Fv2%2Fmedia&parent=155173"}],"wp:term":[{"taxonomy":"category","embeddable":true,"href":"https:\/\/diariodominicano.com\/index.php?rest_route=%2Fwp%2Fv2%2Fcategories&post=155173"},{"taxonomy":"post_tag","embeddable":true,"href":"https:\/\/diariodominicano.com\/index.php?rest_route=%2Fwp%2Fv2%2Ftags&post=155173"}],"curies":[{"name":"wp","href":"https:\/\/api.w.org\/{rel}","templated":true}]}}