{"id":155171,"date":"2010-12-07T14:54:25","date_gmt":"2010-12-07T14:54:25","guid":{"rendered":"http:\/\/diariodominicano.ddns.net\/?p=155171"},"modified":"2010-12-07T14:54:25","modified_gmt":"2010-12-07T14:54:25","slug":"vicepresidente-alburquerque-viaja-a-mexico-este-miercoles-a-cumbre-cambio-climatico","status":"publish","type":"post","link":"https:\/\/diariodominicano.com\/?p=155171","title":{"rendered":"Vicepresidente Alburquerque viaja a M\u00e9xico este mi\u00e9rcoles a  Cumbre Cambio Clim\u00e1tico"},"content":{"rendered":"<p><body><\/p>\n<p><img decoding=\"async\" src=\"http:\/\/localhost:8080\/justiciayderecho\/img3\/vice Albulquerque en el aeropuerto.JPG\" \/>  <\/p>\n<p><span class=\"text1noticias\"> <\/span><\/p>\n<p><span class=\"text1noticias\">Santo Domingo, 7 dic 2010.- El vicepresidente de la Rep\u00fablica, doctor Rafael Alburquerque, parte este mi\u00e9rcoles a la ciudad de Canc\u00fan, M\u00e9xico, donde encabeza la Delegaci\u00f3n Dominicana que asiste a la 16ava Convenci\u00f3n Marco de las Naciones Unidas sobre el Cambio Clim\u00e1tico y la 6ta Reuni\u00f3n de las Partes del Protocolo de Kioto, que se celebra desde el 29 de noviembre hasta el 10 de diciembre.<\/span><\/p>\n<\/p>\n<p><span class=\"text1noticias\">El Presidente Leonel Fern\u00e1ndez, design\u00f3 mediante decreto 650-10, al doctor Alburquerque, para encabezar dicha delegaci\u00f3n, junto al ministro de Medio Ambiente, Jaime David Fern\u00e1ndez Mirabal, el vicepresidente ejecutivo del Consejo Nacional del Cambio Clim\u00e1tico, Omar Ram\u00edrez y los viceministros de Econom\u00eda y Medio Ambiente, Nelson Toca y Patricia Abreu.<\/span><\/p>\n<\/p>\n<p><span class=\"text1noticias\">En el citado decreto adem\u00e1s, el Poder Ejecutivo establece que el Cambio Clim\u00e1tico es el m\u00e1s grave de los desaf\u00edos que enfrenta la humanidad en la actualidad, debido a lo gravoso de su impacto; lo que tambi\u00e9n asegura pone en peligro el desarrollo econ\u00f3mico, social y medioambiental de los pueblos, afectando su vulnerabilidad.<\/span><\/p>\n<\/p>\n<p><span class=\"text1noticias\">En los considerando de dicho edicto se cita tambi\u00e9n que; ?El inter\u00e9s, la decisi\u00f3n y la experiencia del Gobierno Dominicano en participar de manera activa en el proceso de negociaci\u00f3n para convenir con todos los pa\u00edses del mundo en un nuevo r\u00e9gimen clim\u00e1tico por Kioto, m\u00e1s justo y equitativo para todos?.<\/span><\/p>\n<\/p>\n<p><span class=\"text1noticias\">Dicho mandato del Poder Ejecutivo tambi\u00e9n indica que la referida delegaci\u00f3n se podr\u00e1 auxiliar de organizaciones de la Sociedad Civil, t\u00e9cnicos y expertos en la materia, quienes ir\u00edan como invitados y soporte t\u00e9cnicos de dicha delegaci\u00f3n.<\/span><\/p>\n<\/p>\n<p><span class=\"text1noticias\">Tambi\u00e9n acompa\u00f1a al vicepresidente el jefe de su Escolta Militar, general de brigada Polic\u00eda Nacional, Ram\u00f3n Alc\u00e1ntara, sus asistentes personales y de prensa, Ram\u00f3n Ram\u00edrez y Felipe Romero, respectivamente.<\/span><\/p>\n<\/p>\n<h6> 2010-12-07 14:54:25 <\/h6>\n<p><!--\n<link rel=\"stylesheet\" href=\"css\/bootstrap.min.css\">\n\n\n<ul class=\"pagination\">\n\t    \n\t\n\n<li >\n\t<a href='?page_no=30338'>Previous<\/a>\n\t<\/li>\n\n\n       \n    \n\n<li><a href='?page_no=1'>1<\/a><\/li>\n\n\n\n<li><a href='?page_no=2'>2<\/a><\/li>\n\n\n\n<li><a>...<\/a><\/li>\n\n\n\n<li><a href='?page_no=30337'>30337<\/a><\/li>\n\n\n\n<li><a href='?page_no=30338'>30338<\/a><\/li>\n\n\n\n<li class='active'><a>30339<\/a><\/li>\n\n\n\n<li><a href='?page_no=30340'>30340<\/a><\/li>\n\n\n\n<li><a href='?page_no=30341'>30341<\/a><\/li>\n\n\n\n<li><a>...<\/a><\/li>\n\n\n\n<li><a href='?page_no=31963'>31963<\/a><\/li>\n\n\n\n<li><a href='?page_no=31964'>31964<\/a><\/li>\n\n    \n\t\n\n<li >\n\t<a href='?page_no=30340'>Next<\/a>\n\t<\/li>\n\n\n    \n\n<li><a href='?page_no=31964'>Last &rsaquo;&rsaquo;<\/a><\/li>\n\n<\/ul>\n\n\n--><br \/>\n<\/body><\/p>\n","protected":false},"excerpt":{"rendered":"<p>Santo Domingo, 7 dic 2010.- El vicepresidente de la Rep\u00fablica, doctor Rafael Alburquerque, parte este mi\u00e9rcoles a la ciudad de Canc\u00fan, M\u00e9xico, donde encabeza la Delegaci\u00f3n Dominicana que asiste a la 16ava Convenci\u00f3n Marco de las Naciones Unidas sobre el Cambio Clim\u00e1tico y la 6ta Reuni\u00f3n de las Partes del Protocolo de Kioto, que se [&hellip;]<\/p>\n","protected":false},"author":3,"featured_media":0,"comment_status":"open","ping_status":"open","sticky":false,"template":"","format":"standard","meta":{"footnotes":""},"categories":[24],"tags":[],"class_list":["post-155171","post","type-post","status-publish","format-standard","hentry","category-justicia-y-derecho"],"_links":{"self":[{"href":"https:\/\/diariodominicano.com\/index.php?rest_route=\/wp\/v2\/posts\/155171","targetHints":{"allow":["GET"]}}],"collection":[{"href":"https:\/\/diariodominicano.com\/index.php?rest_route=\/wp\/v2\/posts"}],"about":[{"href":"https:\/\/diariodominicano.com\/index.php?rest_route=\/wp\/v2\/types\/post"}],"author":[{"embeddable":true,"href":"https:\/\/diariodominicano.com\/index.php?rest_route=\/wp\/v2\/users\/3"}],"replies":[{"embeddable":true,"href":"https:\/\/diariodominicano.com\/index.php?rest_route=%2Fwp%2Fv2%2Fcomments&post=155171"}],"version-history":[{"count":0,"href":"https:\/\/diariodominicano.com\/index.php?rest_route=\/wp\/v2\/posts\/155171\/revisions"}],"wp:attachment":[{"href":"https:\/\/diariodominicano.com\/index.php?rest_route=%2Fwp%2Fv2%2Fmedia&parent=155171"}],"wp:term":[{"taxonomy":"category","embeddable":true,"href":"https:\/\/diariodominicano.com\/index.php?rest_route=%2Fwp%2Fv2%2Fcategories&post=155171"},{"taxonomy":"post_tag","embeddable":true,"href":"https:\/\/diariodominicano.com\/index.php?rest_route=%2Fwp%2Fv2%2Ftags&post=155171"}],"curies":[{"name":"wp","href":"https:\/\/api.w.org\/{rel}","templated":true}]}}