{"id":155170,"date":"2010-12-07T15:01:28","date_gmt":"2010-12-07T15:01:28","guid":{"rendered":"http:\/\/diariodominicano.ddns.net\/?p=155170"},"modified":"2010-12-07T15:01:28","modified_gmt":"2010-12-07T15:01:28","slug":"gobierno-inicia-este-martes-pago-doble-sueldo-a-empleados-publicos","status":"publish","type":"post","link":"https:\/\/diariodominicano.com\/?p=155170","title":{"rendered":"Gobierno inicia este martes pago doble sueldo a  empleados p\u00fablicos"},"content":{"rendered":"<p><body><\/p>\n<p><span class=\"text1noticias\">Santo Domingo, 7 dic 2010.-  Este martes 7 de diciembre el Gobierno iniciar\u00e1 el pago de correspondiente al \u00abdoble sueldo\u00bb a todos los empleados p\u00fablicos.<\/span><\/p>\n<\/p>\n<p><span class=\"text1noticias\">As\u00ed lo inform\u00f3 este lunes el Tesorero Nacional,  Guaroa Guzm\u00e1n. <\/span><\/p>\n<\/p>\n<p><span class=\"text1noticias\">Dijo que ese pago ser\u00e1 recibido tambi\u00e9n por los pensionados civiles y militares; y las transferencias a  las instituciones descentralizadas. <\/span><\/p>\n<\/p>\n<p><span class=\"text1noticias\">A los empleados del Gobierno Central se les pagar\u00e1 6,500 millones de pesos, incluyendo a los pensionados civiles y militares. Mientras que por concepto de transferencias a las entidades descentralizadas,  se pagar\u00e1n 1,400 millones de pesos.<\/span><\/p>\n<\/p>\n<p><span class=\"text1noticias\">Mientras que Tem\u00edstocles Mont\u00e1s asegur\u00f3 que el ?doble sueldo? ayudar\u00e1 a que la econom\u00eda dominicana termine con una tasa de crecimiento por encima del 7 por ciento.<\/span><\/p>\n<\/p>\n<p><span class=\"text1noticias\">\u00abUna cantidad importante de gente recibir\u00e1 su doble sueldo antes del d\u00eda 10 de diciembre, lo que pondr\u00e1 en movimiento la econom\u00eda por encima de lo normal\u00bb, dijo el funcionario<\/span>.<\/p>\n<h6> 2010-12-07 15:01:28 <\/h6>\n<p><!--\n<link rel=\"stylesheet\" href=\"css\/bootstrap.min.css\">\n\n\n<ul class=\"pagination\">\n\t    \n\t\n\n<li >\n\t<a href='?page_no=30337'>Previous<\/a>\n\t<\/li>\n\n\n       \n    \n\n<li><a href='?page_no=1'>1<\/a><\/li>\n\n\n\n<li><a href='?page_no=2'>2<\/a><\/li>\n\n\n\n<li><a>...<\/a><\/li>\n\n\n\n<li><a href='?page_no=30336'>30336<\/a><\/li>\n\n\n\n<li><a href='?page_no=30337'>30337<\/a><\/li>\n\n\n\n<li class='active'><a>30338<\/a><\/li>\n\n\n\n<li><a href='?page_no=30339'>30339<\/a><\/li>\n\n\n\n<li><a href='?page_no=30340'>30340<\/a><\/li>\n\n\n\n<li><a>...<\/a><\/li>\n\n\n\n<li><a href='?page_no=31963'>31963<\/a><\/li>\n\n\n\n<li><a href='?page_no=31964'>31964<\/a><\/li>\n\n    \n\t\n\n<li >\n\t<a href='?page_no=30339'>Next<\/a>\n\t<\/li>\n\n\n    \n\n<li><a href='?page_no=31964'>Last &rsaquo;&rsaquo;<\/a><\/li>\n\n<\/ul>\n\n\n--><br \/>\n<\/body><\/p>\n","protected":false},"excerpt":{"rendered":"<p>Santo Domingo, 7 dic 2010.- Este martes 7 de diciembre el Gobierno iniciar\u00e1 el pago de correspondiente al \u00abdoble sueldo\u00bb a todos los empleados p\u00fablicos. As\u00ed lo inform\u00f3 este lunes el Tesorero Nacional, Guaroa Guzm\u00e1n. Dijo que ese pago ser\u00e1 recibido tambi\u00e9n por los pensionados civiles y militares; y las transferencias a las instituciones descentralizadas. [&hellip;]<\/p>\n","protected":false},"author":3,"featured_media":0,"comment_status":"open","ping_status":"open","sticky":false,"template":"","format":"standard","meta":{"footnotes":""},"categories":[24],"tags":[],"class_list":["post-155170","post","type-post","status-publish","format-standard","hentry","category-justicia-y-derecho"],"_links":{"self":[{"href":"https:\/\/diariodominicano.com\/index.php?rest_route=\/wp\/v2\/posts\/155170","targetHints":{"allow":["GET"]}}],"collection":[{"href":"https:\/\/diariodominicano.com\/index.php?rest_route=\/wp\/v2\/posts"}],"about":[{"href":"https:\/\/diariodominicano.com\/index.php?rest_route=\/wp\/v2\/types\/post"}],"author":[{"embeddable":true,"href":"https:\/\/diariodominicano.com\/index.php?rest_route=\/wp\/v2\/users\/3"}],"replies":[{"embeddable":true,"href":"https:\/\/diariodominicano.com\/index.php?rest_route=%2Fwp%2Fv2%2Fcomments&post=155170"}],"version-history":[{"count":0,"href":"https:\/\/diariodominicano.com\/index.php?rest_route=\/wp\/v2\/posts\/155170\/revisions"}],"wp:attachment":[{"href":"https:\/\/diariodominicano.com\/index.php?rest_route=%2Fwp%2Fv2%2Fmedia&parent=155170"}],"wp:term":[{"taxonomy":"category","embeddable":true,"href":"https:\/\/diariodominicano.com\/index.php?rest_route=%2Fwp%2Fv2%2Fcategories&post=155170"},{"taxonomy":"post_tag","embeddable":true,"href":"https:\/\/diariodominicano.com\/index.php?rest_route=%2Fwp%2Fv2%2Ftags&post=155170"}],"curies":[{"name":"wp","href":"https:\/\/api.w.org\/{rel}","templated":true}]}}