{"id":155169,"date":"2010-12-07T16:44:16","date_gmt":"2010-12-07T16:44:16","guid":{"rendered":"http:\/\/diariodominicano.ddns.net\/?p=155169"},"modified":"2010-12-07T16:44:16","modified_gmt":"2010-12-07T16:44:16","slug":"advierten-caos-rd-si-las-decisiones-de-la-scj-son-revisadas-por-tribunal-constitucional","status":"publish","type":"post","link":"https:\/\/diariodominicano.com\/?p=155169","title":{"rendered":"Advierten caos RD  si las decisiones de la SCJ son revisadas por  Tribunal Constitucional"},"content":{"rendered":"<p><body><\/p>\n<p><span class=\"text1noticias\">Santo Domingo, 7 dic 2010.- En Rep\u00fablica Dominicana podr\u00eda producirse un caos en la administraci\u00f3n de justicia, si las decisiones del m\u00e1ximo tribunal de justicia son objeto de revisi\u00f3n por el Tribunal Constitucional.<\/span><\/p>\n<\/p>\n<p><span class=\"text1noticias\">La advertencia fue hecha  este lunes por el presidente de la Suprema Corte de Justicia  (SCJ) doctor Jorge Subero Isa.<\/span><\/p>\n<\/p>\n<p><span class=\"text1noticias\">Subero Isa explic\u00f3 que una acci\u00f3n de esa categor\u00eda, como revisar las decisiones del m\u00e1ximo tribunal pondr\u00eda en peligro la seguridad jur\u00eddica del pa\u00eds. <\/span><\/p>\n<\/p>\n<p><span class=\"text1noticias\">Se\u00f1al\u00f3 que el proyecto de ley org\u00e1nica del Tribunal Constitucional sometido por el Poder Ejecutivo, establece una serie de atribuciones al Tribunal Constitucional, entre ellas, que puede revisar las decisiones de la SCJ. <\/span><\/p>\n<\/p>\n<p><span class=\"text1noticias\">?Eso crear\u00eda conflictos institucionales que no terminar\u00edan en cosas buenas, ser\u00eda un peligro para la seguridad jur\u00eddica de la Naci\u00f3n?, se\u00f1al\u00f3 Subero Isa.<\/span><\/p>\n<\/p>\n<p><span class=\"text1noticias\">Tambi\u00e9n el presidente de la SCJ exhort\u00f3 al Congreso  Nacional aprobar la ley org\u00e1nica del Consejo General del Poder Judicial, el cual defini\u00f3 como una necesidad para el pa\u00eds.<\/span><\/p>\n<\/p>\n<p><span class=\"text1noticias\">Se quej\u00f3 de que en los \u00faltimos tres a\u00f1os a la SCJ se le ha asignado el mismo presupuesto de m\u00e1s de 3 mil millones de pesos, y no se ha tomado en cuenta el reclamo de que se le otorgue 5 mil millones, para ejecutar una serie de proyectos pendientes.<\/span><\/p>\n<\/p>\n<p><span class=\"text1noticias\">Subero Isa, cuestion\u00f3 la valorizaci\u00f3n de la encuesta Gallup-Hoy publicada,  sobre la corrupci\u00f3n en la justicia<\/span><\/p>\n<\/p>\n<p><span class=\"text1noticias\">?Yo he dicho y lo voy repetir, que el d\u00eda que alguien tenga una encuesta que favorezca a la administraci\u00f3n de justicia que se ofrezcan para que le pueda servir de algo?, expres\u00f3.<\/span><\/p>\n<p><span class=\"text1noticias\">Explic\u00f3 que el componente de administraci\u00f3n de justicia, no solo se refiere a la Judicatura, sino implica Polic\u00eda Nacional y el Ministerio P\u00fablico. <\/span><\/p>\n<\/p>\n<p><span class=\"text1noticias\">Observ\u00f3 que la mayor\u00eda de las personas que tienen una opini\u00f3n contraria sobre la administraci\u00f3n de justicia nunca han visitados un tribunal, ?sin embargo, me gustar\u00eda que trajeran una encuesta a boca de urna, para que se determine si existe o no corrupci\u00f3n aqu\u00ed?.   <\/span><\/p>\n<\/p>\n<p><span class=\"text1noticias\">Empero dijo que eso, necesariamente no quita que esas personas encuestadas no tengan raz\u00f3n.<\/span><\/p>\n<p><span class=\"text1noticias\">Subero Isa, felicit\u00f3 la valent\u00eda con que los jueces del Tercer Tribunal Colegiado del Distrito Nacional adoptaron una decisi\u00f3n sobre el caso Paya,  en base a sus criterios.<\/span><\/p>\n<\/p>\n<p><span class=\"text1noticias\">Se\u00f1al\u00f3 que la presidenta del tribunal, Alina Mora de M\u00e1rmol, Ramona Natividad de los Santos y Rafael Pacheco, adoptaron una decisi\u00f3n la cual entiende, en base a su criterio, es correcta.<\/span><\/p>\n<\/p>\n<h6> 2010-12-07 16:44:16 <\/h6>\n<p><!--\n<link rel=\"stylesheet\" href=\"css\/bootstrap.min.css\">\n\n\n<ul class=\"pagination\">\n\t    \n\t\n\n<li >\n\t<a href='?page_no=30336'>Previous<\/a>\n\t<\/li>\n\n\n       \n    \n\n<li><a href='?page_no=1'>1<\/a><\/li>\n\n\n\n<li><a href='?page_no=2'>2<\/a><\/li>\n\n\n\n<li><a>...<\/a><\/li>\n\n\n\n<li><a href='?page_no=30335'>30335<\/a><\/li>\n\n\n\n<li><a href='?page_no=30336'>30336<\/a><\/li>\n\n\n\n<li class='active'><a>30337<\/a><\/li>\n\n\n\n<li><a href='?page_no=30338'>30338<\/a><\/li>\n\n\n\n<li><a href='?page_no=30339'>30339<\/a><\/li>\n\n\n\n<li><a>...<\/a><\/li>\n\n\n\n<li><a href='?page_no=31963'>31963<\/a><\/li>\n\n\n\n<li><a href='?page_no=31964'>31964<\/a><\/li>\n\n    \n\t\n\n<li >\n\t<a href='?page_no=30338'>Next<\/a>\n\t<\/li>\n\n\n    \n\n<li><a href='?page_no=31964'>Last &rsaquo;&rsaquo;<\/a><\/li>\n\n<\/ul>\n\n\n--><br \/>\n<\/body><\/p>\n","protected":false},"excerpt":{"rendered":"<p>Santo Domingo, 7 dic 2010.- En Rep\u00fablica Dominicana podr\u00eda producirse un caos en la administraci\u00f3n de justicia, si las decisiones del m\u00e1ximo tribunal de justicia son objeto de revisi\u00f3n por el Tribunal Constitucional. La advertencia fue hecha este lunes por el presidente de la Suprema Corte de Justicia (SCJ) doctor Jorge Subero Isa. Subero Isa [&hellip;]<\/p>\n","protected":false},"author":3,"featured_media":0,"comment_status":"open","ping_status":"open","sticky":false,"template":"","format":"standard","meta":{"footnotes":""},"categories":[24],"tags":[],"class_list":["post-155169","post","type-post","status-publish","format-standard","hentry","category-justicia-y-derecho"],"_links":{"self":[{"href":"https:\/\/diariodominicano.com\/index.php?rest_route=\/wp\/v2\/posts\/155169","targetHints":{"allow":["GET"]}}],"collection":[{"href":"https:\/\/diariodominicano.com\/index.php?rest_route=\/wp\/v2\/posts"}],"about":[{"href":"https:\/\/diariodominicano.com\/index.php?rest_route=\/wp\/v2\/types\/post"}],"author":[{"embeddable":true,"href":"https:\/\/diariodominicano.com\/index.php?rest_route=\/wp\/v2\/users\/3"}],"replies":[{"embeddable":true,"href":"https:\/\/diariodominicano.com\/index.php?rest_route=%2Fwp%2Fv2%2Fcomments&post=155169"}],"version-history":[{"count":0,"href":"https:\/\/diariodominicano.com\/index.php?rest_route=\/wp\/v2\/posts\/155169\/revisions"}],"wp:attachment":[{"href":"https:\/\/diariodominicano.com\/index.php?rest_route=%2Fwp%2Fv2%2Fmedia&parent=155169"}],"wp:term":[{"taxonomy":"category","embeddable":true,"href":"https:\/\/diariodominicano.com\/index.php?rest_route=%2Fwp%2Fv2%2Fcategories&post=155169"},{"taxonomy":"post_tag","embeddable":true,"href":"https:\/\/diariodominicano.com\/index.php?rest_route=%2Fwp%2Fv2%2Ftags&post=155169"}],"curies":[{"name":"wp","href":"https:\/\/api.w.org\/{rel}","templated":true}]}}