{"id":155168,"date":"2010-12-07T16:46:25","date_gmt":"2010-12-07T16:46:25","guid":{"rendered":"http:\/\/diariodominicano.ddns.net\/?p=155168"},"modified":"2010-12-07T16:46:25","modified_gmt":"2010-12-07T16:46:25","slug":"presidente-fernandez-se-reune-con-el-ministro-haitiano-max-bellerive","status":"publish","type":"post","link":"https:\/\/diariodominicano.com\/?p=155168","title":{"rendered":"Presidente Fern\u00e1ndez se re\u00fane con  el Ministro haitiano Max Bellerive"},"content":{"rendered":"<p><body><\/p>\n<p><img decoding=\"async\" src=\"http:\/\/localhost:8080\/justiciayderecho\/img3\/Leonel Fernandez y Max Bellerive 1.jpg\" \/>  <\/p>\n<p><span class=\"text1noticias\">Santo Domingo, 7 dic 2010.-  El presidente Leonel Fern\u00e1ndez se reuni\u00f3 este martes con el primer ministro de Hait\u00ed, Jean Max Bellerive, en el Palacio Nacional.<\/span><\/p>\n<\/p>\n<p><span class=\"text1noticias\">Se inform\u00f3 que el ministro haitiano y el presidente Fern\u00e1ndez  discutieron en torno a  los planes a poner en ejecuci\u00f3n para combatir la epidemia de c\u00f3lera que afecta a ambas naciones y que ha matado a miles en Hait\u00ed.<\/span><\/p>\n<\/p>\n<p><span class=\"text1noticias\">Tambi\u00e9n analizaron la situaron pol\u00edtica de Hait\u00ed. <\/span><\/p>\n<\/p>\n<p><span class=\"text1noticias\">El pasado 28 de noviembre se celebraron las elecciones generales en Hait\u00ed, sin que hasta el momento se den a conocer los resultados, situaci\u00f3n que ha creado disputas y enfrentamientos entre la poblaci\u00f3n y la polic\u00eda casi a diario, mientras se realizan duras negociaciones a puerta cerrada dentro del consejo electoral provisional, o CEP. <\/span><\/p>\n<\/p>\n<p><span class=\"text1noticias\">En principio, la Direcci\u00f3n de Prensa del Palacio Nacional inform\u00f3 que el presidente Fern\u00e1ndez se iba a reunir con su par haitiano, Ren\u00e9 Preval, y minutos despu\u00e9s, luego de que la guardia presidencial estaba preparada para darle los honores de Estado correspondiente,  se confirm\u00f3 la presencia de Max Bellerive, en representaci\u00f3n de Preval.<\/span><\/p>\n<\/p>\n<h6> 2010-12-07 16:46:25 <\/h6>\n<p><!--\n<link rel=\"stylesheet\" href=\"css\/bootstrap.min.css\">\n\n\n<ul class=\"pagination\">\n\t    \n\t\n\n<li >\n\t<a href='?page_no=30335'>Previous<\/a>\n\t<\/li>\n\n\n       \n    \n\n<li><a href='?page_no=1'>1<\/a><\/li>\n\n\n\n<li><a href='?page_no=2'>2<\/a><\/li>\n\n\n\n<li><a>...<\/a><\/li>\n\n\n\n<li><a href='?page_no=30334'>30334<\/a><\/li>\n\n\n\n<li><a href='?page_no=30335'>30335<\/a><\/li>\n\n\n\n<li class='active'><a>30336<\/a><\/li>\n\n\n\n<li><a href='?page_no=30337'>30337<\/a><\/li>\n\n\n\n<li><a href='?page_no=30338'>30338<\/a><\/li>\n\n\n\n<li><a>...<\/a><\/li>\n\n\n\n<li><a href='?page_no=31963'>31963<\/a><\/li>\n\n\n\n<li><a href='?page_no=31964'>31964<\/a><\/li>\n\n    \n\t\n\n<li >\n\t<a href='?page_no=30337'>Next<\/a>\n\t<\/li>\n\n\n    \n\n<li><a href='?page_no=31964'>Last &rsaquo;&rsaquo;<\/a><\/li>\n\n<\/ul>\n\n\n--><br \/>\n<\/body><\/p>\n","protected":false},"excerpt":{"rendered":"<p>Santo Domingo, 7 dic 2010.- El presidente Leonel Fern\u00e1ndez se reuni\u00f3 este martes con el primer ministro de Hait\u00ed, Jean Max Bellerive, en el Palacio Nacional. Se inform\u00f3 que el ministro haitiano y el presidente Fern\u00e1ndez discutieron en torno a los planes a poner en ejecuci\u00f3n para combatir la epidemia de c\u00f3lera que afecta a [&hellip;]<\/p>\n","protected":false},"author":3,"featured_media":0,"comment_status":"open","ping_status":"open","sticky":false,"template":"","format":"standard","meta":{"footnotes":""},"categories":[24],"tags":[],"class_list":["post-155168","post","type-post","status-publish","format-standard","hentry","category-justicia-y-derecho"],"_links":{"self":[{"href":"https:\/\/diariodominicano.com\/index.php?rest_route=\/wp\/v2\/posts\/155168","targetHints":{"allow":["GET"]}}],"collection":[{"href":"https:\/\/diariodominicano.com\/index.php?rest_route=\/wp\/v2\/posts"}],"about":[{"href":"https:\/\/diariodominicano.com\/index.php?rest_route=\/wp\/v2\/types\/post"}],"author":[{"embeddable":true,"href":"https:\/\/diariodominicano.com\/index.php?rest_route=\/wp\/v2\/users\/3"}],"replies":[{"embeddable":true,"href":"https:\/\/diariodominicano.com\/index.php?rest_route=%2Fwp%2Fv2%2Fcomments&post=155168"}],"version-history":[{"count":0,"href":"https:\/\/diariodominicano.com\/index.php?rest_route=\/wp\/v2\/posts\/155168\/revisions"}],"wp:attachment":[{"href":"https:\/\/diariodominicano.com\/index.php?rest_route=%2Fwp%2Fv2%2Fmedia&parent=155168"}],"wp:term":[{"taxonomy":"category","embeddable":true,"href":"https:\/\/diariodominicano.com\/index.php?rest_route=%2Fwp%2Fv2%2Fcategories&post=155168"},{"taxonomy":"post_tag","embeddable":true,"href":"https:\/\/diariodominicano.com\/index.php?rest_route=%2Fwp%2Fv2%2Ftags&post=155168"}],"curies":[{"name":"wp","href":"https:\/\/api.w.org\/{rel}","templated":true}]}}