{"id":155166,"date":"2010-12-07T20:38:27","date_gmt":"2010-12-07T20:38:27","guid":{"rendered":"http:\/\/diariodominicano.ddns.net\/?p=155166"},"modified":"2010-12-07T20:38:27","modified_gmt":"2010-12-07T20:38:27","slug":"el-colera-afecta-a-22-dominicanos","status":"publish","type":"post","link":"https:\/\/diariodominicano.com\/?p=155166","title":{"rendered":"El c\u00f3lera afecta a 22 dominicanos"},"content":{"rendered":"<p><body><\/p>\n<p><img decoding=\"async\" src=\"http:\/\/localhost:8080\/justiciayderecho\/img3\/colera 111.jpg\" \/>  <\/p>\n<\/p>\n<p><span class=\"text1noticias\">Santo Domingo, E07 Dic 2010.-El Ministerio de Salud P\u00fablica inform\u00f3 que se elev\u00f3 a 22 el n\u00famero de casos de c\u00f3lera en el pa\u00eds con dos nuevos pacientes en la provincia de El\u00edas Pi\u00f1a. <\/span><\/p>\n<p><span class=\"text1noticias\"> <\/span><\/p>\n<p><span class=\"text1noticias\">La cartera inform\u00f3 adem\u00e1s que a la fecha no se han detectado nuevos  casos en  las provincias de Santiago y Santo Domingo, demarcaciones que han reportado la mayor cantidad de enfermos.<\/span><\/p>\n<\/p>\n<p><span class=\"text1noticias\">De acuerdo con el informe ofrecido hoy por Salud P\u00fablica los nuevos afectados por el c\u00f3lera son un agricultor dominicano, de 53 a\u00f1os de edad, y el otro, un haitiano de 23 a\u00f1os, quienes reciben el tratamiento correspondiente en el hospital municipal de B\u00e1nica, donde se encuentran en condici\u00f3n estable.<\/span><\/p>\n<p> <span class=\"text1noticias\">\u00abEl Sistema Nacional de Vigilancia Epidemiol\u00f3gica contin\u00faa activado y la situaci\u00f3n est\u00e1 bajo control. El Ministerio de Salud P\u00fablica agradece la colaboraci\u00f3n que ha venido prestando la sociedad en su conjunto ante esta situaci\u00f3n, un reto que el pueblo dominicano est\u00e1 superando\u00bb, expresa una nota de esa cartera.<\/span><\/p>\n<\/p>\n<p><span class=\"text1noticias\">Las dem\u00e1s provincias con casos confirmados son Santiago, nueve; Santo Domingo, siete; y Valverde, La Altagracia y San Juan de la Maguana, uno en cada provincia.<\/span><\/p>\n<\/p>\n<h6> 2010-12-07 20:38:27 <\/h6>\n<p><!--\n<link rel=\"stylesheet\" href=\"css\/bootstrap.min.css\">\n\n\n<ul class=\"pagination\">\n\t    \n\t\n\n<li >\n\t<a href='?page_no=30333'>Previous<\/a>\n\t<\/li>\n\n\n       \n    \n\n<li><a href='?page_no=1'>1<\/a><\/li>\n\n\n\n<li><a href='?page_no=2'>2<\/a><\/li>\n\n\n\n<li><a>...<\/a><\/li>\n\n\n\n<li><a href='?page_no=30332'>30332<\/a><\/li>\n\n\n\n<li><a href='?page_no=30333'>30333<\/a><\/li>\n\n\n\n<li class='active'><a>30334<\/a><\/li>\n\n\n\n<li><a href='?page_no=30335'>30335<\/a><\/li>\n\n\n\n<li><a href='?page_no=30336'>30336<\/a><\/li>\n\n\n\n<li><a>...<\/a><\/li>\n\n\n\n<li><a href='?page_no=31963'>31963<\/a><\/li>\n\n\n\n<li><a href='?page_no=31964'>31964<\/a><\/li>\n\n    \n\t\n\n<li >\n\t<a href='?page_no=30335'>Next<\/a>\n\t<\/li>\n\n\n    \n\n<li><a href='?page_no=31964'>Last &rsaquo;&rsaquo;<\/a><\/li>\n\n<\/ul>\n\n\n--><br \/>\n<\/body><\/p>\n","protected":false},"excerpt":{"rendered":"<p>Santo Domingo, E07 Dic 2010.-El Ministerio de Salud P\u00fablica inform\u00f3 que se elev\u00f3 a 22 el n\u00famero de casos de c\u00f3lera en el pa\u00eds con dos nuevos pacientes en la provincia de El\u00edas Pi\u00f1a. La cartera inform\u00f3 adem\u00e1s que a la fecha no se han detectado nuevos casos en las provincias de Santiago y Santo [&hellip;]<\/p>\n","protected":false},"author":3,"featured_media":0,"comment_status":"open","ping_status":"open","sticky":false,"template":"","format":"standard","meta":{"footnotes":""},"categories":[24],"tags":[],"class_list":["post-155166","post","type-post","status-publish","format-standard","hentry","category-justicia-y-derecho"],"_links":{"self":[{"href":"https:\/\/diariodominicano.com\/index.php?rest_route=\/wp\/v2\/posts\/155166","targetHints":{"allow":["GET"]}}],"collection":[{"href":"https:\/\/diariodominicano.com\/index.php?rest_route=\/wp\/v2\/posts"}],"about":[{"href":"https:\/\/diariodominicano.com\/index.php?rest_route=\/wp\/v2\/types\/post"}],"author":[{"embeddable":true,"href":"https:\/\/diariodominicano.com\/index.php?rest_route=\/wp\/v2\/users\/3"}],"replies":[{"embeddable":true,"href":"https:\/\/diariodominicano.com\/index.php?rest_route=%2Fwp%2Fv2%2Fcomments&post=155166"}],"version-history":[{"count":0,"href":"https:\/\/diariodominicano.com\/index.php?rest_route=\/wp\/v2\/posts\/155166\/revisions"}],"wp:attachment":[{"href":"https:\/\/diariodominicano.com\/index.php?rest_route=%2Fwp%2Fv2%2Fmedia&parent=155166"}],"wp:term":[{"taxonomy":"category","embeddable":true,"href":"https:\/\/diariodominicano.com\/index.php?rest_route=%2Fwp%2Fv2%2Fcategories&post=155166"},{"taxonomy":"post_tag","embeddable":true,"href":"https:\/\/diariodominicano.com\/index.php?rest_route=%2Fwp%2Fv2%2Ftags&post=155166"}],"curies":[{"name":"wp","href":"https:\/\/api.w.org\/{rel}","templated":true}]}}