{"id":155165,"date":"2010-12-07T20:59:17","date_gmt":"2010-12-07T20:59:17","guid":{"rendered":"http:\/\/diariodominicano.ddns.net\/?p=155165"},"modified":"2010-12-07T20:59:17","modified_gmt":"2010-12-07T20:59:17","slug":"rene-preval-y-leonel-fernandez-se-reuniran-para-tratar-sobre-colera","status":"publish","type":"post","link":"https:\/\/diariodominicano.com\/?p=155165","title":{"rendered":"Ren\u00e9 Preval y Leonel Fern\u00e1ndez se reunir\u00e1n para tratar sobre c\u00f3lera"},"content":{"rendered":"<p><body><\/p>\n<p><img decoding=\"async\" src=\"http:\/\/localhost:8080\/justiciayderecho\/img3\/rene y lonel r.jpg\" \/>  <\/p>\n<\/p>\n<p><span class=\"text1noticias\">Santo Domingo, 07 Dic 2010.-El primer ministro de Hait\u00ed, Jean Max Bellerive, anunci\u00f3 hoy que el presidente de su pa\u00eds, Ren\u00e9 Preval y el mandatario dominicano Leonel Fern\u00e1ndez encabezar\u00e1n  el pr\u00f3ximo martes la reuni\u00f3n de la Comisi\u00f3n Mixta Dom\u00ednico-Haitiana que ser\u00e1 para aunar esfuerzos sobre la lucha contra el c\u00f3lera.<\/span><\/p>\n<\/p>\n<p><span class=\"text1noticias\">Tras sostener un encuentro con el presidente Leonel Fern\u00e1ndez, Bellerive en compa\u00f1\u00eda del ministro de salud de la Rep\u00fablica Dominicana, Bautista Rojas G\u00f3mez, en rueda de prensa realizada en el Sal\u00f3n Orlando Mart\u00ednez del Palacio Nacional, se\u00f1al\u00f3 que la reuni\u00f3n de la semana pr\u00f3xima se realizar\u00e1 en la Rep\u00fablica Dominicana.<\/span><\/p>\n<\/p>\n<p><span class=\"text1noticias\">Sobre la fecha de la reuni\u00f3n dijo que se lo comunicar\u00e1 a su presidente Ren\u00e9 Preval para ver si la fecha del martes conviene.<\/span><\/p>\n<\/p>\n<p><span class=\"text1noticias\">Dijo que ante los esfuerzos de las autoridades dominicanas por controlar la incidencia del c\u00f3lera en el territorio ellos quieren unirse a estas acciones, adem\u00e1s para evaluar lo relacionado a la enfermedad. En ese sentido, se\u00f1al\u00f3 que los ministros de salud de los dos pa\u00edses trabajar\u00e1n juntos para ver c\u00f3mo se pueden agregar los esfuerzos de ambas naciones para proteger sus poblaciones.<\/span><\/p>\n<\/p>\n<p><span class=\"text1noticias\">\u00abLo \u00fanico que para nosotros importa, lo que queremos al m\u00e1ximo, es proteger a nuestros vecinos, no solamente la Rep\u00fablica Dominicana. Esta enfermedad fue importada en Hait\u00ed, ahora no queremos reexportarla a otros pa\u00edses\u00bb, sostuvo Bellerive.<\/span><\/p>\n<\/p>\n<p><span class=\"text1noticias\">Manifest\u00f3 que en la frontera, del lado haitiano, est\u00e1n poniendo centros de tratamiento del c\u00f3lera, as\u00ed como en diferentes puntos de la zona, para curar a los enfermos, al igual que lo han hecho las autoridades dominicanas.<\/span><\/p>\n<\/p>\n<p><span class=\"text1noticias\">Asegur\u00f3 que hasta ahora el gobierno haitiano ha tomado todas las medidas posibles para disminuir la incidencia de la enfermedad en otros pa\u00edses.<\/span><\/p>\n<\/p>\n<p><span class=\"text1noticias\">Bellerive se\u00f1al\u00f3 que tambi\u00e9n trataron otros temas que corresponden a la relaci\u00f3n de los pa\u00edses, \u00abpero el tema fundamental del encuentro es como agregar nuestros esfuerzos para combatir el c\u00f3lera\u00bb.<\/span><\/p>\n<\/p>\n<p><span class=\"text1noticias\">El primer ministro de Hait\u00ed agradeci\u00f3 al presidente Fern\u00e1ndez que lo recibiera para tratar el tema que, seg\u00fan dijo, en principio era su presidente Ren\u00e9 Preval quien vendr\u00eda a conversarlo, pero le pedi\u00f3 que lo representara.<\/span><\/p>\n<\/p>\n<p><span class=\"text1noticias\">Inform\u00f3 que en Hait\u00ed han muerto alrededor de unas mil 600 personas y se han registrado unos 38,800 infectados. Asegur\u00f3 que est\u00e1 bajando la incidencia por muerte en ese territorio.<\/span><\/p>\n<\/p>\n<p><span class=\"text1noticias\">En tanto que Bautista Rojas G\u00f3mez inform\u00f3 que suman 22 los casos registrados en el pa\u00eds, luego de que se descubrieran dos nuevos infectados en El\u00edas Pi\u00f1as, un agricultor dominicano de 53 a\u00f1os y un haitiano de 23. Afirm\u00f3 que se encuentran internos en el hospital de B\u00e1nica en condiciones estables.<\/span><\/p>\n<\/p>\n<p><span class=\"text1noticias\">En la reuni\u00f3n con el presidente Fern\u00e1ndez tambi\u00e9n participaron por parte del gobierno dominicano el ministro de Salud, Bautista Rojas G\u00f3mez, el consultor Jur\u00eddico del Poder Ejecutivo, Abel Rodr\u00edguez del Orbe, el embajador dominicano en Hait\u00ed, Rub\u00e9n Sili\u00e9, y el viceministro de Relaciones Exteriores, Manuel Trullos.<\/span><\/p>\n<\/p>\n<p><span class=\"text1noticias\">Por parte de las autoridades haitianas estuvieron el ministro de Salud, Alex Larsen y el embajador haitiano en el pa\u00eds, Fritz Cin\u00e9as, entre otros.<\/span><\/p>\n<\/p>\n<h6> 2010-12-07 20:59:17 <\/h6>\n<p><!--\n<link rel=\"stylesheet\" href=\"css\/bootstrap.min.css\">\n\n\n<ul class=\"pagination\">\n\t    \n\t\n\n<li >\n\t<a href='?page_no=30332'>Previous<\/a>\n\t<\/li>\n\n\n       \n    \n\n<li><a href='?page_no=1'>1<\/a><\/li>\n\n\n\n<li><a href='?page_no=2'>2<\/a><\/li>\n\n\n\n<li><a>...<\/a><\/li>\n\n\n\n<li><a href='?page_no=30331'>30331<\/a><\/li>\n\n\n\n<li><a href='?page_no=30332'>30332<\/a><\/li>\n\n\n\n<li class='active'><a>30333<\/a><\/li>\n\n\n\n<li><a href='?page_no=30334'>30334<\/a><\/li>\n\n\n\n<li><a href='?page_no=30335'>30335<\/a><\/li>\n\n\n\n<li><a>...<\/a><\/li>\n\n\n\n<li><a href='?page_no=31963'>31963<\/a><\/li>\n\n\n\n<li><a href='?page_no=31964'>31964<\/a><\/li>\n\n    \n\t\n\n<li >\n\t<a href='?page_no=30334'>Next<\/a>\n\t<\/li>\n\n\n    \n\n<li><a href='?page_no=31964'>Last &rsaquo;&rsaquo;<\/a><\/li>\n\n<\/ul>\n\n\n--><br \/>\n<\/body><\/p>\n","protected":false},"excerpt":{"rendered":"<p>Santo Domingo, 07 Dic 2010.-El primer ministro de Hait\u00ed, Jean Max Bellerive, anunci\u00f3 hoy que el presidente de su pa\u00eds, Ren\u00e9 Preval y el mandatario dominicano Leonel Fern\u00e1ndez encabezar\u00e1n el pr\u00f3ximo martes la reuni\u00f3n de la Comisi\u00f3n Mixta Dom\u00ednico-Haitiana que ser\u00e1 para aunar esfuerzos sobre la lucha contra el c\u00f3lera. Tras sostener un encuentro con [&hellip;]<\/p>\n","protected":false},"author":3,"featured_media":0,"comment_status":"open","ping_status":"open","sticky":false,"template":"","format":"standard","meta":{"footnotes":""},"categories":[24],"tags":[],"class_list":["post-155165","post","type-post","status-publish","format-standard","hentry","category-justicia-y-derecho"],"_links":{"self":[{"href":"https:\/\/diariodominicano.com\/index.php?rest_route=\/wp\/v2\/posts\/155165","targetHints":{"allow":["GET"]}}],"collection":[{"href":"https:\/\/diariodominicano.com\/index.php?rest_route=\/wp\/v2\/posts"}],"about":[{"href":"https:\/\/diariodominicano.com\/index.php?rest_route=\/wp\/v2\/types\/post"}],"author":[{"embeddable":true,"href":"https:\/\/diariodominicano.com\/index.php?rest_route=\/wp\/v2\/users\/3"}],"replies":[{"embeddable":true,"href":"https:\/\/diariodominicano.com\/index.php?rest_route=%2Fwp%2Fv2%2Fcomments&post=155165"}],"version-history":[{"count":0,"href":"https:\/\/diariodominicano.com\/index.php?rest_route=\/wp\/v2\/posts\/155165\/revisions"}],"wp:attachment":[{"href":"https:\/\/diariodominicano.com\/index.php?rest_route=%2Fwp%2Fv2%2Fmedia&parent=155165"}],"wp:term":[{"taxonomy":"category","embeddable":true,"href":"https:\/\/diariodominicano.com\/index.php?rest_route=%2Fwp%2Fv2%2Fcategories&post=155165"},{"taxonomy":"post_tag","embeddable":true,"href":"https:\/\/diariodominicano.com\/index.php?rest_route=%2Fwp%2Fv2%2Ftags&post=155165"}],"curies":[{"name":"wp","href":"https:\/\/api.w.org\/{rel}","templated":true}]}}