{"id":155164,"date":"2010-12-07T21:22:19","date_gmt":"2010-12-07T21:22:19","guid":{"rendered":"http:\/\/diariodominicano.ddns.net\/?p=155164"},"modified":"2010-12-07T21:22:19","modified_gmt":"2010-12-07T21:22:19","slug":"jesuitas-rechazan-choferes-se-nieguen-a-transportar-haitianos","status":"publish","type":"post","link":"https:\/\/diariodominicano.com\/?p=155164","title":{"rendered":"Jesu\u00edtas rechazan ch\u00f3feres se nieguen a transportar haitianos"},"content":{"rendered":"<p><body><\/p>\n<p><span class=\"text1noticias\">Santo Domingo, 07 Dic 2010.- El Servicio Jesuita a Refugiados\/as y Migrantes, rechaz\u00f3 la medida adoptada por la Confederaci\u00f3n Nacional de Organizaciones del Transporte-CONATRA-de impedir a los inmigrantes haitianos documentados o no, abordar las guaguas y dem\u00e1s veh\u00edculos de transporte p\u00fablico afiliados a la referida organizaci\u00f3n sindical. <\/span><\/p>\n<\/p>\n<p><span class=\"text1noticias\">\u00abDenunciamos que esta acci\u00f3n de CONATRA, constituye una flagrante discriminaci\u00f3n basada en el origen nacional de las personas, adem\u00e1s de una franca violaci\u00f3n a los derecho a la libertad de tr\u00e1nsito y la presunci\u00f3n de inocencia\u00bb. <\/span><\/p>\n<\/p>\n<p><span class=\"text1noticias\">La entidad precis\u00f3 que tanto el derecho a la libertad de tr\u00e1nsito como el derecho a la protecci\u00f3n contra todas las formas de discriminaci\u00f3n, son consagrados por la Constituci\u00f3n de la Rep\u00fablica, as\u00ed como por diversos tratados internacionales sobre derechos humanos.<\/span><\/p>\n<\/p>\n<p><span class=\"text1noticias\">\u00abEl derecho a la libertad de tr\u00e1nsito solo puede ser limitado por una orden judicial.\u00bb Agreg\u00f3 la entidad.<\/span><\/p>\n<\/p>\n<p><span class=\"text1noticias\">\u00abHacemos un llamado a las autoridades migratorias del pa\u00eds, para que act\u00faen r\u00e1pidamente en el asunto, ya que si bien es cierto, las guaguas no deben ser incautadas por brindar el servicio, a menos de que est\u00e9n en actos de trata o tr\u00e1fico ilegal de personas, tampoco CONATRA tiene facultad para hacer pesquisas para verificar el estatus migratorio de los usuarios de los servicios de transporte p\u00fablico\u00bb. <\/span><\/p>\n<\/p>\n<p><span class=\"text1noticias\">La entidad precis\u00f3 que s\u00f3lo las autoridades migratorias tienen la facultad de revisar documentaci\u00f3n de los migrantes, pero que en ning\u00fan caso esta potestad debe ser ejercida de manera que implique alg\u00fan tipo de discriminaci\u00f3n de acuerdo al perfil racial.<\/span><\/p>\n<\/p>\n<p><span class=\"text1noticias\">\u00abRevisar la documentaci\u00f3n migratoria antes de subir al autob\u00fas es lo mismo que se ha intentado hacer en Estados Unidos, suscitando todo el rechazo de la comunidad internacional.\u00bb<\/span><\/p>\n<\/p>\n<p><span class=\"text1noticias\">Dijo \u00abrechazamos todo tipo de presi\u00f3n que se ejerza contra los sindicatos de transporte, incluida la de incautar los veh\u00edculos, por el simple hecho de respetar la libertad de tr\u00e1nsito en el pa\u00eds.\u00bb<\/span><\/p>\n<\/p>\n<p><span class=\"text1noticias\">Si la polic\u00eda Nacional o el ej\u00e9rcito, como auxiliares de las autoridades migratorias identifican indocumentados deben de actuar con apego a  las pautas del Protocolo de Entendimiento sobre Mecanismos de Repatriaciones firmado entre Hait\u00ed y Rep\u00fablica Dominicana vigente desde hace m\u00e1s de una d\u00e9cada\u00bb.  <\/span><\/p>\n<h6> 2010-12-07 21:22:19 <\/h6>\n<p><!--\n<link rel=\"stylesheet\" href=\"css\/bootstrap.min.css\">\n\n\n<ul class=\"pagination\">\n\t    \n\t\n\n<li >\n\t<a href='?page_no=30331'>Previous<\/a>\n\t<\/li>\n\n\n       \n    \n\n<li><a href='?page_no=1'>1<\/a><\/li>\n\n\n\n<li><a href='?page_no=2'>2<\/a><\/li>\n\n\n\n<li><a>...<\/a><\/li>\n\n\n\n<li><a href='?page_no=30330'>30330<\/a><\/li>\n\n\n\n<li><a href='?page_no=30331'>30331<\/a><\/li>\n\n\n\n<li class='active'><a>30332<\/a><\/li>\n\n\n\n<li><a href='?page_no=30333'>30333<\/a><\/li>\n\n\n\n<li><a href='?page_no=30334'>30334<\/a><\/li>\n\n\n\n<li><a>...<\/a><\/li>\n\n\n\n<li><a href='?page_no=31963'>31963<\/a><\/li>\n\n\n\n<li><a href='?page_no=31964'>31964<\/a><\/li>\n\n    \n\t\n\n<li >\n\t<a href='?page_no=30333'>Next<\/a>\n\t<\/li>\n\n\n    \n\n<li><a href='?page_no=31964'>Last &rsaquo;&rsaquo;<\/a><\/li>\n\n<\/ul>\n\n\n--><br \/>\n<\/body><\/p>\n","protected":false},"excerpt":{"rendered":"<p>Santo Domingo, 07 Dic 2010.- El Servicio Jesuita a Refugiados\/as y Migrantes, rechaz\u00f3 la medida adoptada por la Confederaci\u00f3n Nacional de Organizaciones del Transporte-CONATRA-de impedir a los inmigrantes haitianos documentados o no, abordar las guaguas y dem\u00e1s veh\u00edculos de transporte p\u00fablico afiliados a la referida organizaci\u00f3n sindical. \u00abDenunciamos que esta acci\u00f3n de CONATRA, constituye una [&hellip;]<\/p>\n","protected":false},"author":3,"featured_media":0,"comment_status":"open","ping_status":"open","sticky":false,"template":"","format":"standard","meta":{"footnotes":""},"categories":[24],"tags":[],"class_list":["post-155164","post","type-post","status-publish","format-standard","hentry","category-justicia-y-derecho"],"_links":{"self":[{"href":"https:\/\/diariodominicano.com\/index.php?rest_route=\/wp\/v2\/posts\/155164","targetHints":{"allow":["GET"]}}],"collection":[{"href":"https:\/\/diariodominicano.com\/index.php?rest_route=\/wp\/v2\/posts"}],"about":[{"href":"https:\/\/diariodominicano.com\/index.php?rest_route=\/wp\/v2\/types\/post"}],"author":[{"embeddable":true,"href":"https:\/\/diariodominicano.com\/index.php?rest_route=\/wp\/v2\/users\/3"}],"replies":[{"embeddable":true,"href":"https:\/\/diariodominicano.com\/index.php?rest_route=%2Fwp%2Fv2%2Fcomments&post=155164"}],"version-history":[{"count":0,"href":"https:\/\/diariodominicano.com\/index.php?rest_route=\/wp\/v2\/posts\/155164\/revisions"}],"wp:attachment":[{"href":"https:\/\/diariodominicano.com\/index.php?rest_route=%2Fwp%2Fv2%2Fmedia&parent=155164"}],"wp:term":[{"taxonomy":"category","embeddable":true,"href":"https:\/\/diariodominicano.com\/index.php?rest_route=%2Fwp%2Fv2%2Fcategories&post=155164"},{"taxonomy":"post_tag","embeddable":true,"href":"https:\/\/diariodominicano.com\/index.php?rest_route=%2Fwp%2Fv2%2Ftags&post=155164"}],"curies":[{"name":"wp","href":"https:\/\/api.w.org\/{rel}","templated":true}]}}