{"id":155163,"date":"2010-12-07T22:45:49","date_gmt":"2010-12-07T22:45:49","guid":{"rendered":"http:\/\/diariodominicano.ddns.net\/?p=155163"},"modified":"2010-12-07T22:45:49","modified_gmt":"2010-12-07T22:45:49","slug":"miembros-camara-de-cuentas-seran-juramentados-este-miercoles","status":"publish","type":"post","link":"https:\/\/diariodominicano.com\/?p=155163","title":{"rendered":"Miembros C\u00e1mara de Cuentas ser\u00e1n juramentados este mi\u00e9rcoles"},"content":{"rendered":"<p><body><\/p>\n<p><img decoding=\"async\" src=\"http:\/\/localhost:8080\/justiciayderecho\/img3\/camara c.jpg\" \/>  <\/p>\n<p><span class=\"text1noticias\"> <\/span><\/p>\n<p><span class=\"text1noticias\">Santo Domingo, 07 Dic 2010.-El senado  juramentar\u00e1 este mi\u00e9rcoles a las tres de la tarde, a los miembros de la C\u00e1mara de Cuentas (CC), que fueron elegidos el pasado mi\u00e9rcoles. <\/span><\/p>\n<\/p>\n<p><span class=\"text1noticias\">El organismo fiscalizador de los fondos del Estado eligi\u00f3 a la doctora Licelot Marte de Barrios, para que contin\u00fae presidiendo la CC, a Pablo Domingo del Rosario, como vicepresidente, y a  Pedro Antonio Ortiz Hern\u00e1ndez, secretario.<\/span><\/p>\n<\/p>\n<p><span class=\"text1noticias\"> Los miembros  que completan el pleno son Juan Jos\u00e9 Herida Castilla y Alfredo Cruz Polanco. En la sesi\u00f3n donde fueron escogidos los miembros de la CC, de 29 senadores en el hemiciclo, votaron 25, decidieron de abstenerse  los senadores Charlie Mariotti, de Monte Plata; Antonio Cruz, de Santiago Rodr\u00edguez, F\u00e9lix Nova, de Monse\u00f1or Nouel y Wilton Guerrero, de Peravia.<\/span><\/p>\n<\/p>\n<p><span class=\"text1noticias\">Para escoger los miembros de la CC se requer\u00eda la dos tercera parte de los votos presentes.<\/span><\/p>\n<p><span class=\"text1noticias\">Diferentes sectores del pa\u00eds cuestionaron la elecci\u00f3n de la C\u00e1mara de Cuentas, porque afirmaron el PLD impuso su mayor\u00eda para elegir parciales suyos.<\/span><\/p>\n<\/p>\n<p><span class=\"text1noticias\">En esa sesi\u00f3n el reformista Amable Aristy Castro llam\u00f3 Comesolos y mezquino al Partido de la Liberaci\u00f3n Dominicana (PLD), y se quej\u00f3 de que en el Senado con la mayor\u00eda avasallaron a la oposici\u00f3n, y que al parecer no le gustaba la gobernalidad.<\/span><\/p>\n<\/p>\n<p><span class=\"text1noticias\">Indic\u00f3 que el PLD le prometi\u00f3 al PRSC que se tomar\u00eda en cuenta la propuesta de la organizaci\u00f3n, de elegir a Juan Luis S\u00e9liman, titular de la CC.<\/span><\/p>\n<\/p>\n<p><span class=\"text1noticias\">Sobre las imputaciones salieron al frente el senador de Saman\u00e1, Prim Pujals, Sonia Mateo de Dajab\u00f3n, y Euclides S\u00e1nchez, de La Vega, quienes enrostraron a Aristy Castro, que Licelot proven\u00eda del PRSC, por lo que no ten\u00eda raz\u00f3n de que el PLD estaba avasallando.<\/span><\/p>\n<\/p>\n<h6> 2010-12-07 22:45:49 <\/h6>\n<p><!--\n<link rel=\"stylesheet\" href=\"css\/bootstrap.min.css\">\n\n\n<ul class=\"pagination\">\n\t    \n\t\n\n<li >\n\t<a href='?page_no=30330'>Previous<\/a>\n\t<\/li>\n\n\n       \n    \n\n<li><a href='?page_no=1'>1<\/a><\/li>\n\n\n\n<li><a href='?page_no=2'>2<\/a><\/li>\n\n\n\n<li><a>...<\/a><\/li>\n\n\n\n<li><a href='?page_no=30329'>30329<\/a><\/li>\n\n\n\n<li><a href='?page_no=30330'>30330<\/a><\/li>\n\n\n\n<li class='active'><a>30331<\/a><\/li>\n\n\n\n<li><a href='?page_no=30332'>30332<\/a><\/li>\n\n\n\n<li><a href='?page_no=30333'>30333<\/a><\/li>\n\n\n\n<li><a>...<\/a><\/li>\n\n\n\n<li><a href='?page_no=31963'>31963<\/a><\/li>\n\n\n\n<li><a href='?page_no=31964'>31964<\/a><\/li>\n\n    \n\t\n\n<li >\n\t<a href='?page_no=30332'>Next<\/a>\n\t<\/li>\n\n\n    \n\n<li><a href='?page_no=31964'>Last &rsaquo;&rsaquo;<\/a><\/li>\n\n<\/ul>\n\n\n--><br \/>\n<\/body><\/p>\n","protected":false},"excerpt":{"rendered":"<p>Santo Domingo, 07 Dic 2010.-El senado juramentar\u00e1 este mi\u00e9rcoles a las tres de la tarde, a los miembros de la C\u00e1mara de Cuentas (CC), que fueron elegidos el pasado mi\u00e9rcoles. El organismo fiscalizador de los fondos del Estado eligi\u00f3 a la doctora Licelot Marte de Barrios, para que contin\u00fae presidiendo la CC, a Pablo Domingo [&hellip;]<\/p>\n","protected":false},"author":3,"featured_media":0,"comment_status":"open","ping_status":"open","sticky":false,"template":"","format":"standard","meta":{"footnotes":""},"categories":[24],"tags":[],"class_list":["post-155163","post","type-post","status-publish","format-standard","hentry","category-justicia-y-derecho"],"_links":{"self":[{"href":"https:\/\/diariodominicano.com\/index.php?rest_route=\/wp\/v2\/posts\/155163","targetHints":{"allow":["GET"]}}],"collection":[{"href":"https:\/\/diariodominicano.com\/index.php?rest_route=\/wp\/v2\/posts"}],"about":[{"href":"https:\/\/diariodominicano.com\/index.php?rest_route=\/wp\/v2\/types\/post"}],"author":[{"embeddable":true,"href":"https:\/\/diariodominicano.com\/index.php?rest_route=\/wp\/v2\/users\/3"}],"replies":[{"embeddable":true,"href":"https:\/\/diariodominicano.com\/index.php?rest_route=%2Fwp%2Fv2%2Fcomments&post=155163"}],"version-history":[{"count":0,"href":"https:\/\/diariodominicano.com\/index.php?rest_route=\/wp\/v2\/posts\/155163\/revisions"}],"wp:attachment":[{"href":"https:\/\/diariodominicano.com\/index.php?rest_route=%2Fwp%2Fv2%2Fmedia&parent=155163"}],"wp:term":[{"taxonomy":"category","embeddable":true,"href":"https:\/\/diariodominicano.com\/index.php?rest_route=%2Fwp%2Fv2%2Fcategories&post=155163"},{"taxonomy":"post_tag","embeddable":true,"href":"https:\/\/diariodominicano.com\/index.php?rest_route=%2Fwp%2Fv2%2Ftags&post=155163"}],"curies":[{"name":"wp","href":"https:\/\/api.w.org\/{rel}","templated":true}]}}