{"id":155162,"date":"2010-12-08T13:22:17","date_gmt":"2010-12-08T13:22:17","guid":{"rendered":"http:\/\/diariodominicano.ddns.net\/?p=155162"},"modified":"2010-12-08T13:22:17","modified_gmt":"2010-12-08T13:22:17","slug":"margarita-felicito-al-personal-del-ministerio-publico-por-el-trabajo-todo-el-ano","status":"publish","type":"post","link":"https:\/\/diariodominicano.com\/?p=155162","title":{"rendered":"Margarita,  felicit\u00f3 al personal del Ministerio P\u00fablico por el trabajo todo el a\u00f1o"},"content":{"rendered":"<p><body><\/p>\n<p><img decoding=\"async\" src=\"http:\/\/localhost:8080\/justiciayderecho\/img3\/Maragarita%20Cede%C3%83%C2%B1o%20Fern.JPG\" \/>  <\/p>\n<p><span class=\"text1noticias\">Santo Domingo, 8 dic 2010.- La primera dama de la Rep\u00fablica,  doctora por el trabajo que han desarrollado durante todo el a\u00f1o y que lo han convertido en la instituci\u00f3n m\u00e1s transparente del Estado dominicano. <\/span><\/p>\n<p><span class=\"text1noticias\"> <\/span><\/p>\n<p><span class=\"text1noticias\">Adem\u00e1s resalt\u00f3 la labor que realiza la Procuradur\u00eda General de la Rep\u00fablica dentro de la instauraci\u00f3n del Nuevo Modelo Penitenciario con la rehabilitaci\u00f3n de los internos y en  proporcionales espacios dignos y adecuados para que cumplan sus condenas.<\/span><\/p>\n<p><span class=\"text1noticias\"> <\/span><\/p>\n<p><span class=\"text1noticias\">Cede\u00f1o de Fern\u00e1ndez habl\u00f3 al participar como invitada en la celebraci\u00f3n de la fiesta navide\u00f1a de los empleados de la Procuradur\u00eda General de la Rep\u00fablica.<\/span><\/p>\n<p><span class=\"text1noticias\"> <\/span><\/p>\n<p><span class=\"text1noticias\">\u00abUstedes  han dado una imagen diferente al Gobierno, yo los felicito porque a la cabeza del procurador general de la Rep\u00fablica, doctor Radham\u00e9s Jim\u00e9nez Pe\u00f1a,  han hecho una labor extraordinaria para el pa\u00eds, junto a los dem\u00e1s organismos de seguridad del Estado\u00bb, enfatiz\u00f3 la primera dama.<\/span><\/p>\n<p><span class=\"text1noticias\"> <\/span><\/p>\n<p><span class=\"text1noticias\">Igualmente reconoci\u00f3 la capacitaci\u00f3n y formaci\u00f3n de los fiscales que lleva a cabo el Ministerio P\u00fablico para que la investigaci\u00f3n penal sea r\u00e1pida y eficiente.  Asimismo, destac\u00f3 el trabajo que realiza la procuradur\u00eda general adjunta para Asuntos de la Mujer que encabeza la magistrada Roxanna Reyes.<\/span><\/p>\n<p><span class=\"text1noticias\"> <\/span><\/p>\n<p><span class=\"text1noticias\">\u00abMis felicitaciones porque ustedes hacen un mejor pa\u00eds\u00bb, dijo al finalizar sus breves palabras<\/span>.<\/p>\n<h6> 2010-12-08 13:22:17 <\/h6>\n<p><!--\n<link rel=\"stylesheet\" href=\"css\/bootstrap.min.css\">\n\n\n<ul class=\"pagination\">\n\t    \n\t\n\n<li >\n\t<a href='?page_no=30329'>Previous<\/a>\n\t<\/li>\n\n\n       \n    \n\n<li><a href='?page_no=1'>1<\/a><\/li>\n\n\n\n<li><a href='?page_no=2'>2<\/a><\/li>\n\n\n\n<li><a>...<\/a><\/li>\n\n\n\n<li><a href='?page_no=30328'>30328<\/a><\/li>\n\n\n\n<li><a href='?page_no=30329'>30329<\/a><\/li>\n\n\n\n<li class='active'><a>30330<\/a><\/li>\n\n\n\n<li><a href='?page_no=30331'>30331<\/a><\/li>\n\n\n\n<li><a href='?page_no=30332'>30332<\/a><\/li>\n\n\n\n<li><a>...<\/a><\/li>\n\n\n\n<li><a href='?page_no=31963'>31963<\/a><\/li>\n\n\n\n<li><a href='?page_no=31964'>31964<\/a><\/li>\n\n    \n\t\n\n<li >\n\t<a href='?page_no=30331'>Next<\/a>\n\t<\/li>\n\n\n    \n\n<li><a href='?page_no=31964'>Last &rsaquo;&rsaquo;<\/a><\/li>\n\n<\/ul>\n\n\n--><br \/>\n<\/body><\/p>\n","protected":false},"excerpt":{"rendered":"<p>Santo Domingo, 8 dic 2010.- La primera dama de la Rep\u00fablica, doctora por el trabajo que han desarrollado durante todo el a\u00f1o y que lo han convertido en la instituci\u00f3n m\u00e1s transparente del Estado dominicano. Adem\u00e1s resalt\u00f3 la labor que realiza la Procuradur\u00eda General de la Rep\u00fablica dentro de la instauraci\u00f3n del Nuevo Modelo Penitenciario [&hellip;]<\/p>\n","protected":false},"author":3,"featured_media":0,"comment_status":"open","ping_status":"open","sticky":false,"template":"","format":"standard","meta":{"footnotes":""},"categories":[24],"tags":[],"class_list":["post-155162","post","type-post","status-publish","format-standard","hentry","category-justicia-y-derecho"],"_links":{"self":[{"href":"https:\/\/diariodominicano.com\/index.php?rest_route=\/wp\/v2\/posts\/155162","targetHints":{"allow":["GET"]}}],"collection":[{"href":"https:\/\/diariodominicano.com\/index.php?rest_route=\/wp\/v2\/posts"}],"about":[{"href":"https:\/\/diariodominicano.com\/index.php?rest_route=\/wp\/v2\/types\/post"}],"author":[{"embeddable":true,"href":"https:\/\/diariodominicano.com\/index.php?rest_route=\/wp\/v2\/users\/3"}],"replies":[{"embeddable":true,"href":"https:\/\/diariodominicano.com\/index.php?rest_route=%2Fwp%2Fv2%2Fcomments&post=155162"}],"version-history":[{"count":0,"href":"https:\/\/diariodominicano.com\/index.php?rest_route=\/wp\/v2\/posts\/155162\/revisions"}],"wp:attachment":[{"href":"https:\/\/diariodominicano.com\/index.php?rest_route=%2Fwp%2Fv2%2Fmedia&parent=155162"}],"wp:term":[{"taxonomy":"category","embeddable":true,"href":"https:\/\/diariodominicano.com\/index.php?rest_route=%2Fwp%2Fv2%2Fcategories&post=155162"},{"taxonomy":"post_tag","embeddable":true,"href":"https:\/\/diariodominicano.com\/index.php?rest_route=%2Fwp%2Fv2%2Ftags&post=155162"}],"curies":[{"name":"wp","href":"https:\/\/api.w.org\/{rel}","templated":true}]}}