{"id":155161,"date":"2010-12-08T13:32:08","date_gmt":"2010-12-08T13:32:08","guid":{"rendered":"http:\/\/diariodominicano.ddns.net\/?p=155161"},"modified":"2010-12-08T13:32:08","modified_gmt":"2010-12-08T13:32:08","slug":"zonas-no-censadas-se-empadronaran-este-miercoles-y-jueves","status":"publish","type":"post","link":"https:\/\/diariodominicano.com\/?p=155161","title":{"rendered":"Zonas no  censadas se empadronar\u00e1n este mi\u00e9rcoles y jueves"},"content":{"rendered":"<p><body><\/p>\n<p><span class=\"text1noticias\">Santo Domingo, 8 dic 2010.- La Oficina Nacional de Estad\u00edstica, ONE- inform\u00f3 que el censo que lleva a cabo en todo el pa\u00eds fue extendido hasta ma\u00f1ana jueves por lo que se continuar\u00e1 empadronando  en aquellas \u00e1reas que por diversos motivos a\u00fan no han sido censadas.<\/span><\/p>\n<\/p>\n<p><span class=\"text1noticias\">La ONE reiter\u00f3, adem\u00e1s, que a  trav\u00e9s de la l\u00ednea telef\u00f3nica 311 los ciudadanos podr\u00e1n reportar si todav\u00eda no se les ha tomado los datos o si desean hacer llegar a esa instituci\u00f3n cualquier reclamo.<\/span><\/p>\n<\/p>\n<p><span class=\"text1noticias\">La instituci\u00f3n oficial solicit\u00f3 a la poblaci\u00f3n mantener la colaboraci\u00f3n que durante los primeros siete d\u00edas del IX Censo Nacional de Poblaci\u00f3n y Vivienda 2010, ha mantenido  en la encuesta de cobertura y calidad que se aplica.<\/span><\/p>\n<\/p>\n<h6> 2010-12-08 13:32:08 <\/h6>\n<p><!--\n<link rel=\"stylesheet\" href=\"css\/bootstrap.min.css\">\n\n\n<ul class=\"pagination\">\n\t    \n\t\n\n<li >\n\t<a href='?page_no=30328'>Previous<\/a>\n\t<\/li>\n\n\n       \n    \n\n<li><a href='?page_no=1'>1<\/a><\/li>\n\n\n\n<li><a href='?page_no=2'>2<\/a><\/li>\n\n\n\n<li><a>...<\/a><\/li>\n\n\n\n<li><a href='?page_no=30327'>30327<\/a><\/li>\n\n\n\n<li><a href='?page_no=30328'>30328<\/a><\/li>\n\n\n\n<li class='active'><a>30329<\/a><\/li>\n\n\n\n<li><a href='?page_no=30330'>30330<\/a><\/li>\n\n\n\n<li><a href='?page_no=30331'>30331<\/a><\/li>\n\n\n\n<li><a>...<\/a><\/li>\n\n\n\n<li><a href='?page_no=31963'>31963<\/a><\/li>\n\n\n\n<li><a href='?page_no=31964'>31964<\/a><\/li>\n\n    \n\t\n\n<li >\n\t<a href='?page_no=30330'>Next<\/a>\n\t<\/li>\n\n\n    \n\n<li><a href='?page_no=31964'>Last &rsaquo;&rsaquo;<\/a><\/li>\n\n<\/ul>\n\n\n--><br \/>\n<\/body><\/p>\n","protected":false},"excerpt":{"rendered":"<p>Santo Domingo, 8 dic 2010.- La Oficina Nacional de Estad\u00edstica, ONE- inform\u00f3 que el censo que lleva a cabo en todo el pa\u00eds fue extendido hasta ma\u00f1ana jueves por lo que se continuar\u00e1 empadronando en aquellas \u00e1reas que por diversos motivos a\u00fan no han sido censadas. La ONE reiter\u00f3, adem\u00e1s, que a trav\u00e9s de la [&hellip;]<\/p>\n","protected":false},"author":3,"featured_media":0,"comment_status":"open","ping_status":"open","sticky":false,"template":"","format":"standard","meta":{"footnotes":""},"categories":[24],"tags":[],"class_list":["post-155161","post","type-post","status-publish","format-standard","hentry","category-justicia-y-derecho"],"_links":{"self":[{"href":"https:\/\/diariodominicano.com\/index.php?rest_route=\/wp\/v2\/posts\/155161","targetHints":{"allow":["GET"]}}],"collection":[{"href":"https:\/\/diariodominicano.com\/index.php?rest_route=\/wp\/v2\/posts"}],"about":[{"href":"https:\/\/diariodominicano.com\/index.php?rest_route=\/wp\/v2\/types\/post"}],"author":[{"embeddable":true,"href":"https:\/\/diariodominicano.com\/index.php?rest_route=\/wp\/v2\/users\/3"}],"replies":[{"embeddable":true,"href":"https:\/\/diariodominicano.com\/index.php?rest_route=%2Fwp%2Fv2%2Fcomments&post=155161"}],"version-history":[{"count":0,"href":"https:\/\/diariodominicano.com\/index.php?rest_route=\/wp\/v2\/posts\/155161\/revisions"}],"wp:attachment":[{"href":"https:\/\/diariodominicano.com\/index.php?rest_route=%2Fwp%2Fv2%2Fmedia&parent=155161"}],"wp:term":[{"taxonomy":"category","embeddable":true,"href":"https:\/\/diariodominicano.com\/index.php?rest_route=%2Fwp%2Fv2%2Fcategories&post=155161"},{"taxonomy":"post_tag","embeddable":true,"href":"https:\/\/diariodominicano.com\/index.php?rest_route=%2Fwp%2Fv2%2Ftags&post=155161"}],"curies":[{"name":"wp","href":"https:\/\/api.w.org\/{rel}","templated":true}]}}