{"id":155159,"date":"2010-12-08T15:13:06","date_gmt":"2010-12-08T15:13:06","guid":{"rendered":"http:\/\/diariodominicano.ddns.net\/?p=155159"},"modified":"2010-12-08T15:13:06","modified_gmt":"2010-12-08T15:13:06","slug":"el-gobierno-llevara-cenas-navidenas-a-familias-de-la-region-herniquillo","status":"publish","type":"post","link":"https:\/\/diariodominicano.com\/?p=155159","title":{"rendered":"El Gobierno llevar\u00e1 cenas navide\u00f1as, a familias de la Regi\u00f3n Herniquillo"},"content":{"rendered":"<p><body><\/p>\n<p><img decoding=\"async\" src=\"http:\/\/localhost:8080\/justiciayderecho\/img3\/calderon dos.JPG\" \/>  <\/p>\n<p><span class=\"text1noticias\">Por Emma Perez<\/span><\/p>\n<p><span class=\"text1noticias\"> <\/span><\/p>\n<p><span class=\"text1noticias\">BARAHONA, RD, 8 dic 2010.-  El Gobierno, a trav\u00e9s de la Direcci\u00f3n General de los Comedores Econ\u00f3micos, realizar\u00e1  el 21 del presente mes, cenas populares de Navidad y show  art\u00edsticos, en la regi\u00f3n Enriquillo, que  beneficiar\u00e1n a miles  de  personas.<\/span><\/p>\n<\/p>\n<p><span class=\"text1noticias\">El director de los Comedores Econ\u00f3micos, Nicol\u00e1s Calder\u00f3n  hizo el anuncio tras sostener una reuni\u00f3n con el gobernador de esta provincia, doctor Rafael Mendoza,  para acordar la log\u00edstica y la organizaci\u00f3n de las actividades que  se realizaran  en esta ciudad y el  distrito  municipal  de Villa  Central.<\/span><\/p>\n<\/p>\n<p><span class=\"text1noticias\">Se\u00f1al\u00f3  que  las cenas  ser\u00e1n  abiertas al p\u00fablico y las  misma  incluir\u00e1n  arroz navide\u00f1o,  lech\u00f3n y pollo asados , ensaladas, teleras, golosinas  manzanas, refrescos, vinos, entre otros.<\/span><\/p>\n<\/p>\n<p><span class=\"text1noticias\">El  funcionario  dijo  que  en  esta  ciudad,   ser\u00e1n  beneficiadas  con las  cenas  navide\u00f1as, una  cinco mil personas  y las  mismas ser\u00e1n  cubiertas  en su totalidad por la Direcci\u00f3n General de Los Comedores Econ\u00f3micos.<\/span><\/p>\n<\/p>\n<p><span class=\"text1noticias\">Calder\u00f3n  dijo  que  ser\u00e1n enviadas  a  las provincias  que  componen  esta  regi\u00f3n Enriquillo, cocinas  m\u00f3viles  para preparaci\u00f3n   de la  cenas populares.<\/span><\/p>\n<h6> 2010-12-08 15:13:06 <\/h6>\n<p><!--\n<link rel=\"stylesheet\" href=\"css\/bootstrap.min.css\">\n\n\n<ul class=\"pagination\">\n\t    \n\t\n\n<li >\n\t<a href='?page_no=30326'>Previous<\/a>\n\t<\/li>\n\n\n       \n    \n\n<li><a href='?page_no=1'>1<\/a><\/li>\n\n\n\n<li><a href='?page_no=2'>2<\/a><\/li>\n\n\n\n<li><a>...<\/a><\/li>\n\n\n\n<li><a href='?page_no=30325'>30325<\/a><\/li>\n\n\n\n<li><a href='?page_no=30326'>30326<\/a><\/li>\n\n\n\n<li class='active'><a>30327<\/a><\/li>\n\n\n\n<li><a href='?page_no=30328'>30328<\/a><\/li>\n\n\n\n<li><a href='?page_no=30329'>30329<\/a><\/li>\n\n\n\n<li><a>...<\/a><\/li>\n\n\n\n<li><a href='?page_no=31963'>31963<\/a><\/li>\n\n\n\n<li><a href='?page_no=31964'>31964<\/a><\/li>\n\n    \n\t\n\n<li >\n\t<a href='?page_no=30328'>Next<\/a>\n\t<\/li>\n\n\n    \n\n<li><a href='?page_no=31964'>Last &rsaquo;&rsaquo;<\/a><\/li>\n\n<\/ul>\n\n\n--><br \/>\n<\/body><\/p>\n","protected":false},"excerpt":{"rendered":"<p>Por Emma Perez BARAHONA, RD, 8 dic 2010.- El Gobierno, a trav\u00e9s de la Direcci\u00f3n General de los Comedores Econ\u00f3micos, realizar\u00e1 el 21 del presente mes, cenas populares de Navidad y show art\u00edsticos, en la regi\u00f3n Enriquillo, que beneficiar\u00e1n a miles de personas. El director de los Comedores Econ\u00f3micos, Nicol\u00e1s Calder\u00f3n hizo el anuncio tras [&hellip;]<\/p>\n","protected":false},"author":3,"featured_media":0,"comment_status":"open","ping_status":"open","sticky":false,"template":"","format":"standard","meta":{"footnotes":""},"categories":[24],"tags":[],"class_list":["post-155159","post","type-post","status-publish","format-standard","hentry","category-justicia-y-derecho"],"_links":{"self":[{"href":"https:\/\/diariodominicano.com\/index.php?rest_route=\/wp\/v2\/posts\/155159","targetHints":{"allow":["GET"]}}],"collection":[{"href":"https:\/\/diariodominicano.com\/index.php?rest_route=\/wp\/v2\/posts"}],"about":[{"href":"https:\/\/diariodominicano.com\/index.php?rest_route=\/wp\/v2\/types\/post"}],"author":[{"embeddable":true,"href":"https:\/\/diariodominicano.com\/index.php?rest_route=\/wp\/v2\/users\/3"}],"replies":[{"embeddable":true,"href":"https:\/\/diariodominicano.com\/index.php?rest_route=%2Fwp%2Fv2%2Fcomments&post=155159"}],"version-history":[{"count":0,"href":"https:\/\/diariodominicano.com\/index.php?rest_route=\/wp\/v2\/posts\/155159\/revisions"}],"wp:attachment":[{"href":"https:\/\/diariodominicano.com\/index.php?rest_route=%2Fwp%2Fv2%2Fmedia&parent=155159"}],"wp:term":[{"taxonomy":"category","embeddable":true,"href":"https:\/\/diariodominicano.com\/index.php?rest_route=%2Fwp%2Fv2%2Fcategories&post=155159"},{"taxonomy":"post_tag","embeddable":true,"href":"https:\/\/diariodominicano.com\/index.php?rest_route=%2Fwp%2Fv2%2Ftags&post=155159"}],"curies":[{"name":"wp","href":"https:\/\/api.w.org\/{rel}","templated":true}]}}