{"id":155156,"date":"2010-12-08T20:34:23","date_gmt":"2010-12-08T20:34:23","guid":{"rendered":"http:\/\/diariodominicano.ddns.net\/?p=155156"},"modified":"2010-12-08T20:34:23","modified_gmt":"2010-12-08T20:34:23","slug":"celso-marranzini-dice-maldice-aumento-tarifa-energetica","status":"publish","type":"post","link":"https:\/\/diariodominicano.com\/?p=155156","title":{"rendered":"Celso Marranzini dice maldice aumento tarifa energ\u00e9tica"},"content":{"rendered":"<p><body><\/p>\n<p><img decoding=\"async\" src=\"http:\/\/localhost:8080\/justiciayderecho\/img3\/Celso Marranzini 11.jpg\" \/>  <\/p>\n<\/p>\n<p><span class=\"text1noticias\">Santo Domingo,08 Dic 2010.-El vicepresidente ejecutivo de la Corporaci\u00f3n Dominicana de Empresas El\u00e9ctricas Estatales (CDEEE) dijo que, al igual que todos los dominicanos, le resulta odioso el aumento de la tarifa en un 11% y afirm\u00f3 que cuando le llegue la factura no tendr\u00e1 m\u00e1s opci\u00f3n que maldecir.<\/span><\/p>\n<\/p>\n<p><span class=\"text1noticias\">Celso Marranzini expres\u00f3 que el incremento de tarifa se produce como consecuencia de una imposici\u00f3n del acuerdo stand by con el Fondo Monetario Internacional (FMI) y por el aumento de precio del fuel oil, de un 40% desde que se ejecut\u00f3 el \u00faltimo cambio tarifario  en 2009.<\/span><\/p>\n<\/p>\n<p><span class=\"text1noticias\">Indic\u00f3 que esos recursos se implementar\u00e1n en la mejor\u00eda del sistema el\u00e9ctrico. <\/span><\/p>\n<\/p>\n<p><span class=\"text1noticias\">A\u00f1adi\u00f3 que \u00abyo le digo a la poblaci\u00f3n que simpatizo con ella con relaci\u00f3n a ese aumento y le aseguro que los ingresos que resultar\u00e1n de ah\u00ed no se utilizar\u00e1n en compra de jeepetas, en comilonas, en aumento de sueldos o  en donaciones. Es un aporte que todos haremos para mejorar el sistema\u00bb.<\/span><\/p>\n<\/p>\n<p><span class=\"text1noticias\">\u00abYo tengo culpa de los apagones, yo tengo culpa de todo, menos del aumento de la tarifa\u00bb, sostuvo Marranzini, quien insisti\u00f3 que en esa decisi\u00f3n su opini\u00f3n no influy\u00f3. <\/span><\/p>\n<\/p>\n<p><span class=\"text1noticias\">Manifest\u00f3 que est\u00e1 concentrado en trabajar para  que haya energ\u00eda a precio competitivo a partir de un cambio en la matriz de combustible de generaci\u00f3n, que actualmente siguen siendo muy costosa.<\/span><\/p>\n<\/p>\n<p><span class=\"text1noticias\">\u00abPorque gran parte del problema que nosotros tenemos es la matriz de combustible, y de eso me pueden culpar a m\u00ed\u00bb, se\u00f1al\u00f3 Marranzini, quien resalt\u00f3 los esfuerzos de su gesti\u00f3n para cambiar el esquema de generaci\u00f3n de electricidad.<\/span><\/p>\n<\/p>\n<h6> 2010-12-08 20:34:23 <\/h6>\n<p><!--\n<link rel=\"stylesheet\" href=\"css\/bootstrap.min.css\">\n\n\n<ul class=\"pagination\">\n\t    \n\t\n\n<li >\n\t<a href='?page_no=30323'>Previous<\/a>\n\t<\/li>\n\n\n       \n    \n\n<li><a href='?page_no=1'>1<\/a><\/li>\n\n\n\n<li><a href='?page_no=2'>2<\/a><\/li>\n\n\n\n<li><a>...<\/a><\/li>\n\n\n\n<li><a href='?page_no=30322'>30322<\/a><\/li>\n\n\n\n<li><a href='?page_no=30323'>30323<\/a><\/li>\n\n\n\n<li class='active'><a>30324<\/a><\/li>\n\n\n\n<li><a href='?page_no=30325'>30325<\/a><\/li>\n\n\n\n<li><a href='?page_no=30326'>30326<\/a><\/li>\n\n\n\n<li><a>...<\/a><\/li>\n\n\n\n<li><a href='?page_no=31963'>31963<\/a><\/li>\n\n\n\n<li><a href='?page_no=31964'>31964<\/a><\/li>\n\n    \n\t\n\n<li >\n\t<a href='?page_no=30325'>Next<\/a>\n\t<\/li>\n\n\n    \n\n<li><a href='?page_no=31964'>Last &rsaquo;&rsaquo;<\/a><\/li>\n\n<\/ul>\n\n\n--><br \/>\n<\/body><\/p>\n","protected":false},"excerpt":{"rendered":"<p>Santo Domingo,08 Dic 2010.-El vicepresidente ejecutivo de la Corporaci\u00f3n Dominicana de Empresas El\u00e9ctricas Estatales (CDEEE) dijo que, al igual que todos los dominicanos, le resulta odioso el aumento de la tarifa en un 11% y afirm\u00f3 que cuando le llegue la factura no tendr\u00e1 m\u00e1s opci\u00f3n que maldecir. Celso Marranzini expres\u00f3 que el incremento de [&hellip;]<\/p>\n","protected":false},"author":3,"featured_media":0,"comment_status":"open","ping_status":"open","sticky":false,"template":"","format":"standard","meta":{"footnotes":""},"categories":[24],"tags":[],"class_list":["post-155156","post","type-post","status-publish","format-standard","hentry","category-justicia-y-derecho"],"_links":{"self":[{"href":"https:\/\/diariodominicano.com\/index.php?rest_route=\/wp\/v2\/posts\/155156","targetHints":{"allow":["GET"]}}],"collection":[{"href":"https:\/\/diariodominicano.com\/index.php?rest_route=\/wp\/v2\/posts"}],"about":[{"href":"https:\/\/diariodominicano.com\/index.php?rest_route=\/wp\/v2\/types\/post"}],"author":[{"embeddable":true,"href":"https:\/\/diariodominicano.com\/index.php?rest_route=\/wp\/v2\/users\/3"}],"replies":[{"embeddable":true,"href":"https:\/\/diariodominicano.com\/index.php?rest_route=%2Fwp%2Fv2%2Fcomments&post=155156"}],"version-history":[{"count":0,"href":"https:\/\/diariodominicano.com\/index.php?rest_route=\/wp\/v2\/posts\/155156\/revisions"}],"wp:attachment":[{"href":"https:\/\/diariodominicano.com\/index.php?rest_route=%2Fwp%2Fv2%2Fmedia&parent=155156"}],"wp:term":[{"taxonomy":"category","embeddable":true,"href":"https:\/\/diariodominicano.com\/index.php?rest_route=%2Fwp%2Fv2%2Fcategories&post=155156"},{"taxonomy":"post_tag","embeddable":true,"href":"https:\/\/diariodominicano.com\/index.php?rest_route=%2Fwp%2Fv2%2Ftags&post=155156"}],"curies":[{"name":"wp","href":"https:\/\/api.w.org\/{rel}","templated":true}]}}