{"id":155154,"date":"2010-12-08T21:12:15","date_gmt":"2010-12-08T21:12:15","guid":{"rendered":"http:\/\/diariodominicano.ddns.net\/?p=155154"},"modified":"2010-12-08T21:12:15","modified_gmt":"2010-12-08T21:12:15","slug":"presidente-fernandez-inaugura-conferencia-iberoamericana-de-la-juventud","status":"publish","type":"post","link":"https:\/\/diariodominicano.com\/?p=155154","title":{"rendered":"Presidente Fern\u00e1ndez inaugura Conferencia Iberoamericana de la Juventud"},"content":{"rendered":"<p><body><\/p>\n<p><img decoding=\"async\" src=\"http:\/\/localhost:8080\/justiciayderecho\/img3\/leon f.jpg\" \/>  <\/p>\n<\/p>\n<p><span class=\"text1noticias\">Santo Domingo, 08 Dic 2010.-Con la presencia del presidente Leonel Fern\u00e1ndez fue inaugurada hoy, en el pa\u00eds, la XV Conferencia Iberoamericana de la Juventud en la que representantes de los ministros y responsable de la juventud proveniente de 20 pa\u00edses tratar\u00e1n aspectos relacionados con la inserci\u00f3n del sector joven a los gobiernos municipales.<\/span><\/p>\n<\/p>\n<p><span class=\"text1noticias\">En la apertura Fern\u00e1ndez reconoci\u00f3 con el grado de Caballero a Eugenio Mauricio Ravinet Mu\u00f1oz, secretario general de la Organizaci\u00f3n Iberoamericana de la Juventud, por los aportes hechos al sector.<\/span><\/p>\n<\/p>\n<p><span class=\"text1noticias\">Al hacer la entrega, el presidente Fern\u00e1ndez, en tono de broma,  se defini\u00f3 como  \u00abun joven con edad acumulada \u00bb y dijo que la Rep\u00fablica Dominicana es \u00abla sucursal del cielo\u00bb.<\/span><\/p>\n<\/p>\n<p><span class=\"text1noticias\">Expres\u00f3 a Ravinet Mu\u00f1oz que se vaya acostumbrando a ese tipo de condecoraci\u00f3n ya que sus aportes a la juventud lo merecen.<\/span><\/p>\n<\/p>\n<p><span class=\"text1noticias\">De su lado el ministro de la Juventud, Franklin Rodr\u00edguez agradeci\u00f3 el respaldo del gobierno a todos los eventos que ha realizado a favor del sector joven.<\/span><\/p>\n<\/p>\n<p><span class=\"text1noticias\">\u00abReiteramos que gracias al respaldo y apoyo del presidente Leonel Fern\u00e1ndez siempre ser\u00e1 posible implementar planes y programas que favorecen  al sector de la juventud\u00bb expres\u00f3.<\/span><\/p>\n<\/p>\n<p><span class=\"text1noticias\">Entre los pa\u00edses participantes est\u00e1n Argentina, Bolivia, Brasil, Cuba, El Salvador, Espa\u00f1a, Uruguay, Paraguay y Rep\u00fablica Dominicana entre otros.<\/span><\/p>\n<\/p>\n<p><span class=\"text1noticias\">En la conferencia ser\u00e1 elegidas las autoridades que regir\u00e1n el organismo encargado de promover pol\u00edticas regionales en beneficio de la juventud y propiciar e impulsar los esfuerzos realizados por los estados miembros.<\/span><\/p>\n<\/p>\n<p><span class=\"text1noticias\">La actividad se estar\u00e1 realizando hasta este viernes a prop\u00f3sito de que este es el a\u00f1o internacional de la Juventud.<\/span><\/p>\n<\/p>\n<h6> 2010-12-08 21:12:15 <\/h6>\n<p><!--\n<link rel=\"stylesheet\" href=\"css\/bootstrap.min.css\">\n\n\n<ul class=\"pagination\">\n\t    \n\t\n\n<li >\n\t<a href='?page_no=30321'>Previous<\/a>\n\t<\/li>\n\n\n       \n    \n\n<li><a href='?page_no=1'>1<\/a><\/li>\n\n\n\n<li><a href='?page_no=2'>2<\/a><\/li>\n\n\n\n<li><a>...<\/a><\/li>\n\n\n\n<li><a href='?page_no=30320'>30320<\/a><\/li>\n\n\n\n<li><a href='?page_no=30321'>30321<\/a><\/li>\n\n\n\n<li class='active'><a>30322<\/a><\/li>\n\n\n\n<li><a href='?page_no=30323'>30323<\/a><\/li>\n\n\n\n<li><a href='?page_no=30324'>30324<\/a><\/li>\n\n\n\n<li><a>...<\/a><\/li>\n\n\n\n<li><a href='?page_no=31963'>31963<\/a><\/li>\n\n\n\n<li><a href='?page_no=31964'>31964<\/a><\/li>\n\n    \n\t\n\n<li >\n\t<a href='?page_no=30323'>Next<\/a>\n\t<\/li>\n\n\n    \n\n<li><a href='?page_no=31964'>Last &rsaquo;&rsaquo;<\/a><\/li>\n\n<\/ul>\n\n\n--><br \/>\n<\/body><\/p>\n","protected":false},"excerpt":{"rendered":"<p>Santo Domingo, 08 Dic 2010.-Con la presencia del presidente Leonel Fern\u00e1ndez fue inaugurada hoy, en el pa\u00eds, la XV Conferencia Iberoamericana de la Juventud en la que representantes de los ministros y responsable de la juventud proveniente de 20 pa\u00edses tratar\u00e1n aspectos relacionados con la inserci\u00f3n del sector joven a los gobiernos municipales. En la [&hellip;]<\/p>\n","protected":false},"author":3,"featured_media":0,"comment_status":"open","ping_status":"open","sticky":false,"template":"","format":"standard","meta":{"footnotes":""},"categories":[24],"tags":[],"class_list":["post-155154","post","type-post","status-publish","format-standard","hentry","category-justicia-y-derecho"],"_links":{"self":[{"href":"https:\/\/diariodominicano.com\/index.php?rest_route=\/wp\/v2\/posts\/155154","targetHints":{"allow":["GET"]}}],"collection":[{"href":"https:\/\/diariodominicano.com\/index.php?rest_route=\/wp\/v2\/posts"}],"about":[{"href":"https:\/\/diariodominicano.com\/index.php?rest_route=\/wp\/v2\/types\/post"}],"author":[{"embeddable":true,"href":"https:\/\/diariodominicano.com\/index.php?rest_route=\/wp\/v2\/users\/3"}],"replies":[{"embeddable":true,"href":"https:\/\/diariodominicano.com\/index.php?rest_route=%2Fwp%2Fv2%2Fcomments&post=155154"}],"version-history":[{"count":0,"href":"https:\/\/diariodominicano.com\/index.php?rest_route=\/wp\/v2\/posts\/155154\/revisions"}],"wp:attachment":[{"href":"https:\/\/diariodominicano.com\/index.php?rest_route=%2Fwp%2Fv2%2Fmedia&parent=155154"}],"wp:term":[{"taxonomy":"category","embeddable":true,"href":"https:\/\/diariodominicano.com\/index.php?rest_route=%2Fwp%2Fv2%2Fcategories&post=155154"},{"taxonomy":"post_tag","embeddable":true,"href":"https:\/\/diariodominicano.com\/index.php?rest_route=%2Fwp%2Fv2%2Ftags&post=155154"}],"curies":[{"name":"wp","href":"https:\/\/api.w.org\/{rel}","templated":true}]}}