{"id":155152,"date":"2010-12-08T21:33:24","date_gmt":"2010-12-08T21:33:24","guid":{"rendered":"http:\/\/diariodominicano.ddns.net\/?p=155152"},"modified":"2010-12-08T21:33:24","modified_gmt":"2010-12-08T21:33:24","slug":"estudiantes-unicaribe-obtienen-premiaciones-en-el-monuescyt-2010-2","status":"publish","type":"post","link":"https:\/\/diariodominicano.com\/?p=155152","title":{"rendered":"&#13;Estudiantes Unicaribe obtienen premiaciones en el Monuescyt 2010"},"content":{"rendered":"<p><body><\/p>\n<p><span class=\"text1noticias\">Santo Domingo. 08 Dic. 2010.- La Universidad del Caribe por su excelente participaci\u00f3n en la Tercera Edici\u00f3n del Modelo de las Naciones Unidas del Ministerio de Educaci\u00f3n Superior Ciencia y Tecnolog\u00eda, logro   cinco (5) premios en las diferentes categor\u00edas representadas.  <\/span><\/p>\n<p><span class=\"text1noticias\"> <\/span><\/p>\n<p><span class=\"text1noticias\">Para este modelo UNICARIBE present\u00f3 una comisi\u00f3n integrada por siete (7) estudiantes de diferentes carreras. En este modelo, las comisiones estuvieron divididas por asignaci\u00f3n de delegaciones en los diferentes comit\u00e9s asignados por el Ministerio de Educaci\u00f3n Superior. UNICARIBE present\u00f3 delegaciones en los temas de la Asamblea General, Comisi\u00f3n de Ciencia y Tecnolog\u00eda, Banco Mundial, en la Junta Internacional de Fiscalizaci\u00f3n de Estupefacientes y en la Corte Internacional de Justicia.<\/span><\/p>\n<\/p>\n<p><span class=\"text1noticias\">Entre los premios obtenidos por la delegaci\u00f3n de UNICARIBE, est\u00e1n: Mejor Propuesta de Pr\u00e9stamo en el Banco Mundial, Mejor Defensa de proyecto, Delegaci\u00f3n de Honor as\u00ed como tambi\u00e9n,                                 Delegaci\u00f3n Distinguida. Durante el evento MONUESCyT 2010, los estudiantes de UNICARIBE afianzaron su sentido cr\u00edtico, a ser ellos mismos y valorar la realidad de nuestro pa\u00eds y la comunidad global,  demostrando como se pueden conservar los valores sin echar a un lado la defensa de sus ideales.<\/span><\/p>\n<\/p>\n<p><span class=\"text1noticias\">Este acto fue celebrado en la Biblioteca Pedro Mir de la Universidad Aut\u00f3noma de Santo Domingo (UASD), participaron los estudiantes: Masielle Mart\u00ednez, Alexis Arias, Juli Pichardo, M\u00e1rtires P\u00e9rez, Alicia Fern\u00e1ndez. Yesenia Vargas y Cinthia Madera,. Cabe destacar, que  Rosanna Oviedo de Senior,  fue reconocida por su labor como Asesora Docente.<\/span><\/p>\n<h6> 2010-12-08 21:33:24 <\/h6>\n<p><!--\n<link rel=\"stylesheet\" href=\"css\/bootstrap.min.css\">\n\n\n<ul class=\"pagination\">\n\t    \n\t\n\n<li >\n\t<a href='?page_no=30319'>Previous<\/a>\n\t<\/li>\n\n\n       \n    \n\n<li><a href='?page_no=1'>1<\/a><\/li>\n\n\n\n<li><a href='?page_no=2'>2<\/a><\/li>\n\n\n\n<li><a>...<\/a><\/li>\n\n\n\n<li><a href='?page_no=30318'>30318<\/a><\/li>\n\n\n\n<li><a href='?page_no=30319'>30319<\/a><\/li>\n\n\n\n<li class='active'><a>30320<\/a><\/li>\n\n\n\n<li><a href='?page_no=30321'>30321<\/a><\/li>\n\n\n\n<li><a href='?page_no=30322'>30322<\/a><\/li>\n\n\n\n<li><a>...<\/a><\/li>\n\n\n\n<li><a href='?page_no=31963'>31963<\/a><\/li>\n\n\n\n<li><a href='?page_no=31964'>31964<\/a><\/li>\n\n    \n\t\n\n<li >\n\t<a href='?page_no=30321'>Next<\/a>\n\t<\/li>\n\n\n    \n\n<li><a href='?page_no=31964'>Last &rsaquo;&rsaquo;<\/a><\/li>\n\n<\/ul>\n\n\n--><br \/>\n<\/body><\/p>\n","protected":false},"excerpt":{"rendered":"<p>Santo Domingo. 08 Dic. 2010.- La Universidad del Caribe por su excelente participaci\u00f3n en la Tercera Edici\u00f3n del Modelo de las Naciones Unidas del Ministerio de Educaci\u00f3n Superior Ciencia y Tecnolog\u00eda, logro cinco (5) premios en las diferentes categor\u00edas representadas. Para este modelo UNICARIBE present\u00f3 una comisi\u00f3n integrada por siete (7) estudiantes de diferentes carreras. [&hellip;]<\/p>\n","protected":false},"author":3,"featured_media":0,"comment_status":"open","ping_status":"open","sticky":false,"template":"","format":"standard","meta":{"footnotes":""},"categories":[24],"tags":[],"class_list":["post-155152","post","type-post","status-publish","format-standard","hentry","category-justicia-y-derecho"],"_links":{"self":[{"href":"https:\/\/diariodominicano.com\/index.php?rest_route=\/wp\/v2\/posts\/155152","targetHints":{"allow":["GET"]}}],"collection":[{"href":"https:\/\/diariodominicano.com\/index.php?rest_route=\/wp\/v2\/posts"}],"about":[{"href":"https:\/\/diariodominicano.com\/index.php?rest_route=\/wp\/v2\/types\/post"}],"author":[{"embeddable":true,"href":"https:\/\/diariodominicano.com\/index.php?rest_route=\/wp\/v2\/users\/3"}],"replies":[{"embeddable":true,"href":"https:\/\/diariodominicano.com\/index.php?rest_route=%2Fwp%2Fv2%2Fcomments&post=155152"}],"version-history":[{"count":0,"href":"https:\/\/diariodominicano.com\/index.php?rest_route=\/wp\/v2\/posts\/155152\/revisions"}],"wp:attachment":[{"href":"https:\/\/diariodominicano.com\/index.php?rest_route=%2Fwp%2Fv2%2Fmedia&parent=155152"}],"wp:term":[{"taxonomy":"category","embeddable":true,"href":"https:\/\/diariodominicano.com\/index.php?rest_route=%2Fwp%2Fv2%2Fcategories&post=155152"},{"taxonomy":"post_tag","embeddable":true,"href":"https:\/\/diariodominicano.com\/index.php?rest_route=%2Fwp%2Fv2%2Ftags&post=155152"}],"curies":[{"name":"wp","href":"https:\/\/api.w.org\/{rel}","templated":true}]}}