{"id":155150,"date":"2010-12-08T22:32:14","date_gmt":"2010-12-08T22:32:14","guid":{"rendered":"http:\/\/diariodominicano.ddns.net\/?p=155150"},"modified":"2010-12-08T22:32:14","modified_gmt":"2010-12-08T22:32:14","slug":"presidente-senado-juramenta-a-miembros-de-la-camara-de-cuentas","status":"publish","type":"post","link":"https:\/\/diariodominicano.com\/?p=155150","title":{"rendered":"Presidente Senado juramenta a miembros de la C\u00e1mara de Cuentas"},"content":{"rendered":"<p><body><\/p>\n<p><img decoding=\"async\" src=\"http:\/\/localhost:8080\/justiciayderecho\/img3\/reinaldo p p.jpg\" \/>  <\/p>\n<p><span class=\"text1noticias\">Santo Domingo, 08 Dic 2010.-El presidente del Senado, Reinaldo Pared P\u00e9rez,  jurament\u00f3  a los nuevos miembros de la C\u00e1mara de Cuentas en su despacho y les exhort\u00f3 a cumplir con su deber, respetando lo que establece la Constituci\u00f3n de la Rep\u00fablica. <\/span><\/p>\n<\/p>\n<p><span class=\"text1noticias\">Licelot Marte de Barrios,  Pablo Domingo del Rosario, Pedro Antonio Ortiz Hern\u00e1ndez, miembros titulares y los suplentes Juan Jos\u00e9 Herida Castilla y Alfredo Cruz Polanco, fueron juramentados en una ceremonia en la que tambi\u00e9n participaron  la mayor\u00eda de los senadores.<\/span><\/p>\n<\/p>\n<p><span class=\"text1noticias\">De su lado la presidenta de la C\u00e1mara de Cuentas, Licelot Marte de Barrios dijo que durante los 24 meses de la gesti\u00f3n que encabez\u00f3 2008-2010 contribuy\u00f3  al fortalecimiento de esa instituci\u00f3n.<\/span><\/p>\n<\/p>\n<p><span class=\"text1noticias\">\u00abReiteramos nuestro compromiso de preservar los recursos p\u00fablicos mediante la fiscalizaci\u00f3n,  por ser este el \u00f3rgano de control y auditor\u00eda\u00bb dijo Marte de Barrios. <\/span><\/p>\n<\/p>\n<p><span class=\"text1noticias\">Pidi\u00f3 al Congreso Nacional estar m\u00e1s cerca de esa instituci\u00f3n ya que las informaciones que producen son el insumo para el control legislativo, tal y como lo establece la Carta Magna.<\/span><\/p>\n<\/p>\n<p><span class=\"text1noticias\">Dijo que la mitigaci\u00f3n de la corrupci\u00f3n s\u00f3lo ser\u00e1 posible cuando todos a\u00fanen esfuerzos en una misma direcci\u00f3n.\u00bbno es un ejercicio particular de uno sino de todos\u00bb.<\/span><\/p>\n<\/p>\n<p><span class=\"text1noticias\">Desde el Congreso Marte de Barrios parti\u00f3 a la C\u00e1mara de Cuentas a posesionar la nueva directiva de ese organismo.<\/span><\/p>\n<\/p>\n<h6> 2010-12-08 22:32:14 <\/h6>\n<p><!--\n<link rel=\"stylesheet\" href=\"css\/bootstrap.min.css\">\n\n\n<ul class=\"pagination\">\n\t    \n\t\n\n<li >\n\t<a href='?page_no=30317'>Previous<\/a>\n\t<\/li>\n\n\n       \n    \n\n<li><a href='?page_no=1'>1<\/a><\/li>\n\n\n\n<li><a href='?page_no=2'>2<\/a><\/li>\n\n\n\n<li><a>...<\/a><\/li>\n\n\n\n<li><a href='?page_no=30316'>30316<\/a><\/li>\n\n\n\n<li><a href='?page_no=30317'>30317<\/a><\/li>\n\n\n\n<li class='active'><a>30318<\/a><\/li>\n\n\n\n<li><a href='?page_no=30319'>30319<\/a><\/li>\n\n\n\n<li><a href='?page_no=30320'>30320<\/a><\/li>\n\n\n\n<li><a>...<\/a><\/li>\n\n\n\n<li><a href='?page_no=31963'>31963<\/a><\/li>\n\n\n\n<li><a href='?page_no=31964'>31964<\/a><\/li>\n\n    \n\t\n\n<li >\n\t<a href='?page_no=30319'>Next<\/a>\n\t<\/li>\n\n\n    \n\n<li><a href='?page_no=31964'>Last &rsaquo;&rsaquo;<\/a><\/li>\n\n<\/ul>\n\n\n--><br \/>\n<\/body><\/p>\n","protected":false},"excerpt":{"rendered":"<p>Santo Domingo, 08 Dic 2010.-El presidente del Senado, Reinaldo Pared P\u00e9rez, jurament\u00f3 a los nuevos miembros de la C\u00e1mara de Cuentas en su despacho y les exhort\u00f3 a cumplir con su deber, respetando lo que establece la Constituci\u00f3n de la Rep\u00fablica. Licelot Marte de Barrios, Pablo Domingo del Rosario, Pedro Antonio Ortiz Hern\u00e1ndez, miembros titulares [&hellip;]<\/p>\n","protected":false},"author":3,"featured_media":0,"comment_status":"open","ping_status":"open","sticky":false,"template":"","format":"standard","meta":{"footnotes":""},"categories":[24],"tags":[],"class_list":["post-155150","post","type-post","status-publish","format-standard","hentry","category-justicia-y-derecho"],"_links":{"self":[{"href":"https:\/\/diariodominicano.com\/index.php?rest_route=\/wp\/v2\/posts\/155150","targetHints":{"allow":["GET"]}}],"collection":[{"href":"https:\/\/diariodominicano.com\/index.php?rest_route=\/wp\/v2\/posts"}],"about":[{"href":"https:\/\/diariodominicano.com\/index.php?rest_route=\/wp\/v2\/types\/post"}],"author":[{"embeddable":true,"href":"https:\/\/diariodominicano.com\/index.php?rest_route=\/wp\/v2\/users\/3"}],"replies":[{"embeddable":true,"href":"https:\/\/diariodominicano.com\/index.php?rest_route=%2Fwp%2Fv2%2Fcomments&post=155150"}],"version-history":[{"count":0,"href":"https:\/\/diariodominicano.com\/index.php?rest_route=\/wp\/v2\/posts\/155150\/revisions"}],"wp:attachment":[{"href":"https:\/\/diariodominicano.com\/index.php?rest_route=%2Fwp%2Fv2%2Fmedia&parent=155150"}],"wp:term":[{"taxonomy":"category","embeddable":true,"href":"https:\/\/diariodominicano.com\/index.php?rest_route=%2Fwp%2Fv2%2Fcategories&post=155150"},{"taxonomy":"post_tag","embeddable":true,"href":"https:\/\/diariodominicano.com\/index.php?rest_route=%2Fwp%2Fv2%2Ftags&post=155150"}],"curies":[{"name":"wp","href":"https:\/\/api.w.org\/{rel}","templated":true}]}}