{"id":155149,"date":"2010-12-09T13:33:03","date_gmt":"2010-12-09T13:33:03","guid":{"rendered":"http:\/\/diariodominicano.ddns.net\/?p=155149"},"modified":"2010-12-09T13:33:03","modified_gmt":"2010-12-09T13:33:03","slug":"mandatario-condecora-al-secretario-general-de-la-organizacion-iberoamericana-de-la-juventud","status":"publish","type":"post","link":"https:\/\/diariodominicano.com\/?p=155149","title":{"rendered":"Mandatario condecora al Secretario General de la Organizaci\u00f3n Iberoamericana de la Juventud"},"content":{"rendered":"<p><body><\/p>\n<p><img decoding=\"async\" src=\"http:\/\/localhost:8080\/justiciayderecho\/img3\/pte%20condecora%20Eugenio%20Ravinet%20Mu%C3%83%C2%B1oz.JPG\" \/>  <\/p>\n<p><span class=\"text1noticias\">Santo Domingo, 9 dic 2010.-   El Poder Ejecutivo condecor\u00f3 este mi\u00e9rcoles con la orden de Duarte, S\u00e1nchez y Mella en el Grado de Caballero al secretario general de la Organizaci\u00f3n Iberoamericana de la Juventud (OIJ),  Eugenio Ravinet Mu\u00f1oz, por su ardua labor a favor de la juventud. Su desempe\u00f1o es destacado y reconocido por el Poder ejecutivo mediante el decreto 561-10.<\/span><\/p>\n<\/p>\n<p><span class=\"text1noticias\">Tras el anuncio de la condecoraci\u00f3n, el presidente se levant\u00f3 de su puesto en la mesa principal de la actividad y felicit\u00f3 a Ravinet Mu\u00f1oz, cuyo trabajo al frente de la Organizaci\u00f3n Iberoamericana de la Juventud defini\u00f3 de formidable.<\/span><\/p>\n<\/p>\n<p><span class=\"text1noticias\">Fern\u00e1ndez, que encabez\u00f3 el acto de inauguraci\u00f3n de la XV Conferencia Iberoamericana ?Juventud y Municipalidad?, dijo que el secretario general de la OIJ ha tenido un desempe\u00f1o responsable, id\u00f3neo y honorable.<\/span><\/p>\n<\/p>\n<p><span class=\"text1noticias\">?Es un joven con talento como debe ser, inteligente, responsable y comprometido con los mejores intereses de la juventud?, afirm\u00f3 el mandatario.<\/span><\/p>\n<\/p>\n<p><span class=\"text1noticias\">Luego de dejar inaugurada la conferencia, el presidente Fern\u00e1ndez, en compa\u00f1\u00eda de los participantes, se traslad\u00f3 a la parte frontal del Ministerio de Relaciones Exteriores, donde se hizo la foto oficial del c\u00f3nclave.<\/span><\/p>\n<\/p>\n<p><span class=\"text1noticias\">Fern\u00e1ndez estuvo acompa\u00f1ado en la actividad de la Primera Dama, Margarita Cede\u00f1o de Fern\u00e1ndez.. Igualmente, integraban la mesa principal el ministro de la Juventud, Franklin Rodr\u00edguez, el presidente de la Federaci\u00f3n Dominicana de Municipios (FEDOMU), F\u00e9lix Rodr\u00edguez, el secretario general de la OIJ, Eugenio Ravinet Mu\u00f1oz, Jos\u00e9 Manuel Trullols, viceministro de Relaciones Exteriores, Mat\u00edas Rodr\u00edguez, presidente del Consejo Directivo de la OIJ y representantes diplom\u00e1ticos y de organismos internacionales.<\/span><\/p>\n<\/p>\n<p><span class=\"text1noticias\">En el evento, que concluye el pr\u00f3ximo viernes y que se desarrolla en el Sal\u00f3n Eduardo Latorre del Ministerio de Relaciones Exteriores, participan 22 delegaciones de igual  n\u00famero de pa\u00edses iberoamericanos.<\/span><\/p>\n<\/p>\n<p><span class=\"text1noticias\">Ravinet Mu\u00f1oz agradeci\u00f3 la distinci\u00f3n de Fern\u00e1ndez y dijo que est\u00e1 muy agradecido del jefe de Estado Dominicano porque le ha respaldado en varios eventos internacionales.<\/span><\/p>\n<\/p>\n<p><span class=\"text1noticias\">Consider\u00f3 que constituye un acto de justicia reconocerle a Fern\u00e1ndez los aportes que ha realizado en sus distintos mandatos a favor de los j\u00f3venes.<\/span><\/p>\n<\/p>\n<p><span class=\"text1noticias\">Dijo que las autoridades dominicanas mantienen en el debate a los j\u00f3venes, abordando distintos t\u00f3picos que son de su inter\u00e9s, y destac\u00f3 que Fern\u00e1ndez ha hecho visible al sector de la juventud, un sector que en muchas ocasiones no est\u00e1 visible.<\/span><\/p>\n<\/p>\n<p><span class=\"text1noticias\">De su lado, el ministro de la Juventud, Franklin Rodr\u00edguez, afirm\u00f3 que el presidente Leonel Fern\u00e1ndez es el que m\u00e1s ha contribuido a favor de los j\u00f3venes en la Rep\u00fablica Dominicana.<\/span><\/p>\n<\/p>\n<p><span class=\"text1noticias\">Consider\u00f3 que la Rep\u00fablica Dominicana es uno de los lugares m\u00e1s propicio para el desarrollo de los j\u00f3venes y cit\u00f3 que en los gobierno de Fern\u00e1ndez no solo se cre\u00f3 la Secretar\u00eda General de la Juventud, sino ?que ahora tambi\u00e9n el Presidente cre\u00f3 el Ministerio de la Juventud, que es una muestra m\u00e1s de decisi\u00f3n de respaldar el trabajo de los j\u00f3venes?.<\/span><\/p>\n<\/p>\n<p><span class=\"text1noticias\">Dijo que poniendo en tapete el tema de los j\u00f3venes y su participaci\u00f3n en la municipalidad se busca construir una Iberoam\u00e9rica m\u00e1s justa y con oportunidades para la juventud.<\/span> <\/p>\n<\/p>\n<h6> 2010-12-09 13:33:03 <\/h6>\n<p><!--\n<link rel=\"stylesheet\" href=\"css\/bootstrap.min.css\">\n\n\n<ul class=\"pagination\">\n\t    \n\t\n\n<li >\n\t<a href='?page_no=30316'>Previous<\/a>\n\t<\/li>\n\n\n       \n    \n\n<li><a href='?page_no=1'>1<\/a><\/li>\n\n\n\n<li><a href='?page_no=2'>2<\/a><\/li>\n\n\n\n<li><a>...<\/a><\/li>\n\n\n\n<li><a href='?page_no=30315'>30315<\/a><\/li>\n\n\n\n<li><a href='?page_no=30316'>30316<\/a><\/li>\n\n\n\n<li class='active'><a>30317<\/a><\/li>\n\n\n\n<li><a href='?page_no=30318'>30318<\/a><\/li>\n\n\n\n<li><a href='?page_no=30319'>30319<\/a><\/li>\n\n\n\n<li><a>...<\/a><\/li>\n\n\n\n<li><a href='?page_no=31963'>31963<\/a><\/li>\n\n\n\n<li><a href='?page_no=31964'>31964<\/a><\/li>\n\n    \n\t\n\n<li >\n\t<a href='?page_no=30318'>Next<\/a>\n\t<\/li>\n\n\n    \n\n<li><a href='?page_no=31964'>Last &rsaquo;&rsaquo;<\/a><\/li>\n\n<\/ul>\n\n\n--><br \/>\n<\/body><\/p>\n","protected":false},"excerpt":{"rendered":"<p>Santo Domingo, 9 dic 2010.- El Poder Ejecutivo condecor\u00f3 este mi\u00e9rcoles con la orden de Duarte, S\u00e1nchez y Mella en el Grado de Caballero al secretario general de la Organizaci\u00f3n Iberoamericana de la Juventud (OIJ), Eugenio Ravinet Mu\u00f1oz, por su ardua labor a favor de la juventud. Su desempe\u00f1o es destacado y reconocido por el [&hellip;]<\/p>\n","protected":false},"author":3,"featured_media":0,"comment_status":"open","ping_status":"open","sticky":false,"template":"","format":"standard","meta":{"footnotes":""},"categories":[24],"tags":[],"class_list":["post-155149","post","type-post","status-publish","format-standard","hentry","category-justicia-y-derecho"],"_links":{"self":[{"href":"https:\/\/diariodominicano.com\/index.php?rest_route=\/wp\/v2\/posts\/155149","targetHints":{"allow":["GET"]}}],"collection":[{"href":"https:\/\/diariodominicano.com\/index.php?rest_route=\/wp\/v2\/posts"}],"about":[{"href":"https:\/\/diariodominicano.com\/index.php?rest_route=\/wp\/v2\/types\/post"}],"author":[{"embeddable":true,"href":"https:\/\/diariodominicano.com\/index.php?rest_route=\/wp\/v2\/users\/3"}],"replies":[{"embeddable":true,"href":"https:\/\/diariodominicano.com\/index.php?rest_route=%2Fwp%2Fv2%2Fcomments&post=155149"}],"version-history":[{"count":0,"href":"https:\/\/diariodominicano.com\/index.php?rest_route=\/wp\/v2\/posts\/155149\/revisions"}],"wp:attachment":[{"href":"https:\/\/diariodominicano.com\/index.php?rest_route=%2Fwp%2Fv2%2Fmedia&parent=155149"}],"wp:term":[{"taxonomy":"category","embeddable":true,"href":"https:\/\/diariodominicano.com\/index.php?rest_route=%2Fwp%2Fv2%2Fcategories&post=155149"},{"taxonomy":"post_tag","embeddable":true,"href":"https:\/\/diariodominicano.com\/index.php?rest_route=%2Fwp%2Fv2%2Ftags&post=155149"}],"curies":[{"name":"wp","href":"https:\/\/api.w.org\/{rel}","templated":true}]}}