{"id":155147,"date":"2010-12-09T14:04:34","date_gmt":"2010-12-09T14:04:34","guid":{"rendered":"http:\/\/diariodominicano.ddns.net\/?p=155147"},"modified":"2010-12-09T14:04:34","modified_gmt":"2010-12-09T14:04:34","slug":"resultados-del-censo-se-conoceran-en-dos-meses","status":"publish","type":"post","link":"https:\/\/diariodominicano.com\/?p=155147","title":{"rendered":"Resultados del  Censo se conocer\u00e1n  en dos meses"},"content":{"rendered":"<p><body><\/p>\n<p><img decoding=\"async\" src=\"http:\/\/localhost:8080\/justiciayderecho\/img3\/censo 2010 RD.jpg\" \/>  <\/p>\n<p><span class=\"text1noticias\">Santo Domingo, 9 dic 2010.-  El director de la Oficina Nacional de Estad\u00edsticas (ONE), Pablo Tactuk,  inform\u00f3 que  la poblaci\u00f3n tendr\u00e1 los resultados preliminares del IX Censo Nacional de Poblaci\u00f3n y Vivienda en un per\u00edodo de dos meses.<\/span><\/p>\n<\/p>\n<p><span class=\"text1noticias\">Tactuk dijo que  la instituci\u00f3n est\u00e1 dando pasos para auditar el actual proceso de levantamiento finalizado el d\u00eda 7, y para ello realizar\u00e1 una encuesta de cobertura y control de calidad que abarcar\u00e1 unas 75 mil viviendas en el territorio nacional, de  manera concreta, en cada una de esas viviendas se formular\u00e1n cuatro o cinco preguntas.<\/span><\/p>\n<\/p>\n<p><span class=\"text1noticias\">\u00abExiste el acompa\u00f1amiento de organismos internacionales como el Fondo de Poblaci\u00f3n de las Naciones Unidas y el Centro Latinoamericano de Demograf\u00eda, que son especialistas en el \u00e1rea demogr\u00e1fica y en cierta forma certifican la calidad de los procesos censales que se realizan\u00bb, dijo Tactuk,<\/span><\/p>\n<h6> 2010-12-09 14:04:34 <\/h6>\n<p><!--\n<link rel=\"stylesheet\" href=\"css\/bootstrap.min.css\">\n\n\n<ul class=\"pagination\">\n\t    \n\t\n\n<li >\n\t<a href='?page_no=30314'>Previous<\/a>\n\t<\/li>\n\n\n       \n    \n\n<li><a href='?page_no=1'>1<\/a><\/li>\n\n\n\n<li><a href='?page_no=2'>2<\/a><\/li>\n\n\n\n<li><a>...<\/a><\/li>\n\n\n\n<li><a href='?page_no=30313'>30313<\/a><\/li>\n\n\n\n<li><a href='?page_no=30314'>30314<\/a><\/li>\n\n\n\n<li class='active'><a>30315<\/a><\/li>\n\n\n\n<li><a href='?page_no=30316'>30316<\/a><\/li>\n\n\n\n<li><a href='?page_no=30317'>30317<\/a><\/li>\n\n\n\n<li><a>...<\/a><\/li>\n\n\n\n<li><a href='?page_no=31963'>31963<\/a><\/li>\n\n\n\n<li><a href='?page_no=31964'>31964<\/a><\/li>\n\n    \n\t\n\n<li >\n\t<a href='?page_no=30316'>Next<\/a>\n\t<\/li>\n\n\n    \n\n<li><a href='?page_no=31964'>Last &rsaquo;&rsaquo;<\/a><\/li>\n\n<\/ul>\n\n\n--><br \/>\n<\/body><\/p>\n","protected":false},"excerpt":{"rendered":"<p>Santo Domingo, 9 dic 2010.- El director de la Oficina Nacional de Estad\u00edsticas (ONE), Pablo Tactuk, inform\u00f3 que la poblaci\u00f3n tendr\u00e1 los resultados preliminares del IX Censo Nacional de Poblaci\u00f3n y Vivienda en un per\u00edodo de dos meses. Tactuk dijo que la instituci\u00f3n est\u00e1 dando pasos para auditar el actual proceso de levantamiento finalizado el [&hellip;]<\/p>\n","protected":false},"author":3,"featured_media":0,"comment_status":"open","ping_status":"open","sticky":false,"template":"","format":"standard","meta":{"footnotes":""},"categories":[24],"tags":[],"class_list":["post-155147","post","type-post","status-publish","format-standard","hentry","category-justicia-y-derecho"],"_links":{"self":[{"href":"https:\/\/diariodominicano.com\/index.php?rest_route=\/wp\/v2\/posts\/155147","targetHints":{"allow":["GET"]}}],"collection":[{"href":"https:\/\/diariodominicano.com\/index.php?rest_route=\/wp\/v2\/posts"}],"about":[{"href":"https:\/\/diariodominicano.com\/index.php?rest_route=\/wp\/v2\/types\/post"}],"author":[{"embeddable":true,"href":"https:\/\/diariodominicano.com\/index.php?rest_route=\/wp\/v2\/users\/3"}],"replies":[{"embeddable":true,"href":"https:\/\/diariodominicano.com\/index.php?rest_route=%2Fwp%2Fv2%2Fcomments&post=155147"}],"version-history":[{"count":0,"href":"https:\/\/diariodominicano.com\/index.php?rest_route=\/wp\/v2\/posts\/155147\/revisions"}],"wp:attachment":[{"href":"https:\/\/diariodominicano.com\/index.php?rest_route=%2Fwp%2Fv2%2Fmedia&parent=155147"}],"wp:term":[{"taxonomy":"category","embeddable":true,"href":"https:\/\/diariodominicano.com\/index.php?rest_route=%2Fwp%2Fv2%2Fcategories&post=155147"},{"taxonomy":"post_tag","embeddable":true,"href":"https:\/\/diariodominicano.com\/index.php?rest_route=%2Fwp%2Fv2%2Ftags&post=155147"}],"curies":[{"name":"wp","href":"https:\/\/api.w.org\/{rel}","templated":true}]}}