{"id":155146,"date":"2010-12-09T21:05:22","date_gmt":"2010-12-09T21:05:22","guid":{"rendered":"http:\/\/diariodominicano.ddns.net\/?p=155146"},"modified":"2010-12-09T21:05:22","modified_gmt":"2010-12-09T21:05:22","slug":"investigaran-a-dos-diputados-acusados-de-violencia-domestica","status":"publish","type":"post","link":"https:\/\/diariodominicano.com\/?p=155146","title":{"rendered":"Investigaran a dos diputados acusados de violencia dom\u00e9stica"},"content":{"rendered":"<p><body><\/p>\n<p><img decoding=\"async\" src=\"http:\/\/localhost:8080\/justiciayderecho\/img3\/abel camra de diputados.jpg\" \/>  <\/p>\n<p><span class=\"text1noticias\">Santo Domingo, 09 Dic 2010.-El presidente de la C\u00e1mara de Diputados, Abel Mart\u00ednez, instruy\u00f3 a la Comisi\u00f3n de \u00c9tica de ese organismo investigar los casos de dos diputados acusados ante la Procuradur\u00eda General de la Rep\u00fablica de presunta violencia dom\u00e9stica.<\/span><\/p>\n<\/p>\n<p><span class=\"text1noticias\">Dijo que se trata de los diputados Orlando Espinosa del Partido de la Liberaci\u00f3n Dominicana y Rafael Tom\u00e1s Botello Solim\u00e1n del Partido Reformista Social Cristiano.<\/span><\/p>\n<\/p>\n<p><span class=\"text1noticias\">Pidi\u00f3 a Juan Carlos Qui\u00f1\u00f3nez, presidente de la comisi\u00f3n de Diputados, que ?espera una investigaci\u00f3n r\u00e1pida del caso?, para ser conocido por el pleno.<\/span><\/p>\n<\/p>\n<p><span class=\"text1noticias\">Indic\u00f3 que lo prudente es esperar el resultado de la comisi\u00f3n designada y la respuesta del Ministerio P\u00fablico en torno a los casos.<\/span><\/p>\n<\/p>\n<p><span class=\"text1noticias\">Mientras que la diputada por Santiago y presidenta de la Comisi\u00f3n de G\u00e9nero, Magda Rodr\u00edguez, lament\u00f3 las denuncias y record\u00f3 que  a\u00fan los legisladores est\u00e1n dentro del marco de la celebraci\u00f3n de los 16 d\u00edas de activismo sin violencia.<\/span><\/p>\n<\/p>\n<p><span class=\"text1noticias\">?La campa\u00f1a que llevamos a cabo del Lazo Blanco, la cual compromete a sus miembros, especialmente a los legisladores a no ejercer violencia contra sus parejas y a trabajar para erradicar ese mal?, por lo que reiter\u00f3 su solicitud de que ambos congresistas acudan al requerimiento hecho por la Procuradur\u00eda General de la Rep\u00fablica.<\/span><\/p>\n<\/p>\n<p><span class=\"text1noticias\">En ese sentido, el presidente de la C\u00e1mara de diputados, inform\u00f3 que ser\u00e1 el pr\u00f3ximo martes cuando se anunciar\u00e1 los nombres de los miembros que la conformar\u00e1n.<\/span><\/p>\n<\/p>\n<p><span class=\"text1noticias\">La diputada Josefa Castillo, PRD, deplor\u00f3 la situaci\u00f3n destacando que ?realmente es lamentable para nosotras  condenar un hecho tan lamentable de acusaci\u00f3n hecha por los medios de comunicaci\u00f3n, sobre violencia de g\u00e9nero, agresi\u00f3n por parte de dos honorable diputados?.<\/span><\/p>\n<\/p>\n<p><span class=\"text1noticias\">Castillo, miembra de la Comisi\u00f3n de Equidad y G\u00e9nero, dijo que a partir de ahora, ?si somos honorables, tendremos que  revisar ese calificativo, a quien le haremos honor d\u00eda a d\u00eda con tal distinci\u00f3n?.<\/span><\/p>\n<\/p>\n<p><span class=\"text1noticias\">La legisladora, manifest\u00f3 su consternaci\u00f3n, por entender que  quienes ?hacemos las leyes, debemos velar porque ellas sean respetadas?.<\/span><\/p>\n<\/p>\n<p><span class=\"text1noticias\">Tambi\u00e9n apel\u00f3 a la solidaridad de  la Comisi\u00f3n de \u00c9tica  apoderada del caso y solicit\u00f3 a los legisladores y legisladoras condenar cualquier diputado que viole la ley en su ?condici\u00f3n de diputado y la supuesta inmunidad de que goza.<\/span><\/p>\n<\/p>\n<p><span class=\"text1noticias\">El diputado  Eugenio Cede\u00f1o Arache, solicit\u00f3 al hemiciclo no hablar del tema hasta que se realice la investigaci\u00f3n.<\/span><\/p>\n<\/p>\n<p><span class=\"text1noticias\"> ?Dejemos que la comisi\u00f3n de Disciplina realice su trabajo y que  de manera sosegada, sin pausa, sin omisiones el consejo de disciplina se encargue de dilucidar sobre el caso de los colegas?, agreg\u00f3.<\/span><\/p>\n<\/p>\n<p><span class=\"text1noticias\">De su lado, Minou Tavarez Mirabal, se solidariz\u00f3 con lo expresado por el diputado Eugenio Cede\u00f1o, al tiempo de considerar que los congresistas implicados en la denuncia deben acudir al llamado del Ministerio P\u00fablico. <\/span><\/p>\n<\/p>\n<p><span class=\"text1noticias\">?No podemos adelantarnos a ning\u00fan hecho, ni dar como cierto ese papel.  Dejar claro, aqu\u00ed ante la sociedad nuestra voluntad de rechazar cualquier tipo de violencia hacia las mujeres de g\u00e9neros?, dijo Minou..<\/span><\/p>\n<\/p>\n<p><span class=\"text1noticias\">Record\u00f3 que el Congreso Nacional est\u00e1 dentro del marco de los 16 d\u00edas de una campa\u00f1a, de la cual la C\u00e1mara de Diputados es el buque insignia?.<\/span><\/p>\n<\/p>\n<p><span class=\"text1noticias\">?Por lo tanto, presidente, creo que puedo terminar mis palabras haciendo un llamado a los legisladores a que asistan a la convocatoria que le ha hecho la Procuradur\u00eda General de la Republica.  Quiz\u00e1s si hubieran ido a tiempo, no ocurrido nada.<\/span><\/p>\n<h6> 2010-12-09 21:05:22 <\/h6>\n<p><!--\n<link rel=\"stylesheet\" href=\"css\/bootstrap.min.css\">\n\n\n<ul class=\"pagination\">\n\t    \n\t\n\n<li >\n\t<a href='?page_no=30313'>Previous<\/a>\n\t<\/li>\n\n\n       \n    \n\n<li><a href='?page_no=1'>1<\/a><\/li>\n\n\n\n<li><a href='?page_no=2'>2<\/a><\/li>\n\n\n\n<li><a>...<\/a><\/li>\n\n\n\n<li><a href='?page_no=30312'>30312<\/a><\/li>\n\n\n\n<li><a href='?page_no=30313'>30313<\/a><\/li>\n\n\n\n<li class='active'><a>30314<\/a><\/li>\n\n\n\n<li><a href='?page_no=30315'>30315<\/a><\/li>\n\n\n\n<li><a href='?page_no=30316'>30316<\/a><\/li>\n\n\n\n<li><a>...<\/a><\/li>\n\n\n\n<li><a href='?page_no=31963'>31963<\/a><\/li>\n\n\n\n<li><a href='?page_no=31964'>31964<\/a><\/li>\n\n    \n\t\n\n<li >\n\t<a href='?page_no=30315'>Next<\/a>\n\t<\/li>\n\n\n    \n\n<li><a href='?page_no=31964'>Last &rsaquo;&rsaquo;<\/a><\/li>\n\n<\/ul>\n\n\n--><br \/>\n<\/body><\/p>\n","protected":false},"excerpt":{"rendered":"<p>Santo Domingo, 09 Dic 2010.-El presidente de la C\u00e1mara de Diputados, Abel Mart\u00ednez, instruy\u00f3 a la Comisi\u00f3n de \u00c9tica de ese organismo investigar los casos de dos diputados acusados ante la Procuradur\u00eda General de la Rep\u00fablica de presunta violencia dom\u00e9stica. Dijo que se trata de los diputados Orlando Espinosa del Partido de la Liberaci\u00f3n Dominicana [&hellip;]<\/p>\n","protected":false},"author":3,"featured_media":0,"comment_status":"open","ping_status":"open","sticky":false,"template":"","format":"standard","meta":{"footnotes":""},"categories":[24],"tags":[],"class_list":["post-155146","post","type-post","status-publish","format-standard","hentry","category-justicia-y-derecho"],"_links":{"self":[{"href":"https:\/\/diariodominicano.com\/index.php?rest_route=\/wp\/v2\/posts\/155146","targetHints":{"allow":["GET"]}}],"collection":[{"href":"https:\/\/diariodominicano.com\/index.php?rest_route=\/wp\/v2\/posts"}],"about":[{"href":"https:\/\/diariodominicano.com\/index.php?rest_route=\/wp\/v2\/types\/post"}],"author":[{"embeddable":true,"href":"https:\/\/diariodominicano.com\/index.php?rest_route=\/wp\/v2\/users\/3"}],"replies":[{"embeddable":true,"href":"https:\/\/diariodominicano.com\/index.php?rest_route=%2Fwp%2Fv2%2Fcomments&post=155146"}],"version-history":[{"count":0,"href":"https:\/\/diariodominicano.com\/index.php?rest_route=\/wp\/v2\/posts\/155146\/revisions"}],"wp:attachment":[{"href":"https:\/\/diariodominicano.com\/index.php?rest_route=%2Fwp%2Fv2%2Fmedia&parent=155146"}],"wp:term":[{"taxonomy":"category","embeddable":true,"href":"https:\/\/diariodominicano.com\/index.php?rest_route=%2Fwp%2Fv2%2Fcategories&post=155146"},{"taxonomy":"post_tag","embeddable":true,"href":"https:\/\/diariodominicano.com\/index.php?rest_route=%2Fwp%2Fv2%2Ftags&post=155146"}],"curies":[{"name":"wp","href":"https:\/\/api.w.org\/{rel}","templated":true}]}}